{"id":2636,"date":"2025-06-06T17:02:33","date_gmt":"2025-06-06T17:02:33","guid":{"rendered":"https:\/\/pasahoy.com.ar\/ph\/?p=2636"},"modified":"2025-06-06T17:02:33","modified_gmt":"2025-06-06T17:02:33","slug":"la-vicegobernadora-teresita-madera-tomo-la-promesa-de-cuidado-ambiental-a-550-estudiantes-de-chilecito","status":"publish","type":"post","link":"https:\/\/pasahoy.com.ar\/ph\/la-vicegobernadora-teresita-madera-tomo-la-promesa-de-cuidado-ambiental-a-550-estudiantes-de-chilecito\/","title":{"rendered":"La Vicegobernadora Teresita Madera tom\u00f3 la promesa de cuidado ambiental a 550 estudiantes de Chilecito"},"content":{"rendered":"\n<p>En el marco del D\u00eda Mundial del Ambiente, este 5 de junio se llev\u00f3 a cabo un emotivo acto en el Parque de la Ciudad de Chilecito, donde 550 estudiantes de 5\u00ba grado de escuelas del departamento realizaron su promesa de compromiso con el cuidado de la naturaleza.<\/p>\n\n\n\n<figure class=\"wp-block-gallery has-nested-images columns-default is-cropped wp-block-gallery-1 is-layout-flex wp-block-gallery-is-layout-flex\">\n<figure class=\"wp-block-image size-large\"><img loading=\"lazy\" decoding=\"async\" width=\"1024\" height=\"682\" data-id=\"2638\" src=\"https:\/\/pasahoy.com.ar\/ph\/wp-content\/uploads\/2025\/06\/1000401347-1024x682.jpg\" alt=\"\" class=\"wp-image-2638\" srcset=\"https:\/\/pasahoy.com.ar\/ph\/wp-content\/uploads\/2025\/06\/1000401347-1024x682.jpg 1024w, https:\/\/pasahoy.com.ar\/ph\/wp-content\/uploads\/2025\/06\/1000401347-300x200.jpg 300w, https:\/\/pasahoy.com.ar\/ph\/wp-content\/uploads\/2025\/06\/1000401347-768x512.jpg 768w, https:\/\/pasahoy.com.ar\/ph\/wp-content\/uploads\/2025\/06\/1000401347-1536x1023.jpg 1536w, https:\/\/pasahoy.com.ar\/ph\/wp-content\/uploads\/2025\/06\/1000401347.jpg 1600w\" sizes=\"auto, (max-width: 1024px) 100vw, 1024px\" \/><\/figure>\n\n\n\n<figure class=\"wp-block-image size-large\"><img loading=\"lazy\" decoding=\"async\" width=\"1024\" height=\"682\" data-id=\"2637\" src=\"https:\/\/pasahoy.com.ar\/ph\/wp-content\/uploads\/2025\/06\/1000401348-1024x682.jpg\" alt=\"\" class=\"wp-image-2637\" srcset=\"https:\/\/pasahoy.com.ar\/ph\/wp-content\/uploads\/2025\/06\/1000401348-1024x682.jpg 1024w, https:\/\/pasahoy.com.ar\/ph\/wp-content\/uploads\/2025\/06\/1000401348-300x200.jpg 300w, https:\/\/pasahoy.com.ar\/ph\/wp-content\/uploads\/2025\/06\/1000401348-768x512.jpg 768w, https:\/\/pasahoy.com.ar\/ph\/wp-content\/uploads\/2025\/06\/1000401348-1536x1023.jpg 1536w, https:\/\/pasahoy.com.ar\/ph\/wp-content\/uploads\/2025\/06\/1000401348.jpg 1600w\" sizes=\"auto, (max-width: 1024px) 100vw, 1024px\" \/><\/figure>\n\n\n\n<figure class=\"wp-block-image size-large\"><img loading=\"lazy\" decoding=\"async\" width=\"1024\" height=\"682\" data-id=\"2639\" src=\"https:\/\/pasahoy.com.ar\/ph\/wp-content\/uploads\/2025\/06\/1000401346-1024x682.jpg\" alt=\"\" class=\"wp-image-2639\" srcset=\"https:\/\/pasahoy.com.ar\/ph\/wp-content\/uploads\/2025\/06\/1000401346-1024x682.jpg 1024w, https:\/\/pasahoy.com.ar\/ph\/wp-content\/uploads\/2025\/06\/1000401346-300x200.jpg 300w, https:\/\/pasahoy.com.ar\/ph\/wp-content\/uploads\/2025\/06\/1000401346-768x512.jpg 768w, https:\/\/pasahoy.com.ar\/ph\/wp-content\/uploads\/2025\/06\/1000401346-1536x1023.jpg 1536w, https:\/\/pasahoy.com.ar\/ph\/wp-content\/uploads\/2025\/06\/1000401346.jpg 1600w\" sizes=\"auto, (max-width: 1024px) 100vw, 1024px\" \/><\/figure>\n<\/figure>\n\n\n\n<p>El acto fue presidido por la vicegobernadora Teresita Madera, quien estuvo acompa\u00f1ada por el intendente de Chilecito, Rodrigo Brizuela y Doria; el ministro de Educaci\u00f3n, Ariel Mart\u00ednez; el secretario de Ambiente, Santiago Azulay, y dem\u00e1s funcionarios provinciales y municipales. Tambi\u00e9n participaron docentes, directivos y familias, quienes acompa\u00f1aron a las y los estudiantes en este momento tan significativo.<\/p>\n\n\n\n<p>La actividad se enmarca en la aplicaci\u00f3n de la Ley de Educaci\u00f3n Ambiental Integral N\u00b0 27.621, que promueve una conciencia ecol\u00f3gica desde temprana edad en todas las escuelas del pa\u00eds. Este a\u00f1o, en La Rioja, la promesa adquiere un valor a\u00fan m\u00e1s profundo, ya que tras la reforma constitucional de julio de 2024, se han incorporado nuevos derechos ambientales que fortalecen el compromiso con la preservaci\u00f3n de los bienes comunes.<\/p>\n\n\n\n<p>Durante el acto, las y los estudiantes prometieron proteger los ecosistemas y toda forma de vida, cuidar el agua, plantar y proteger \u00e1rboles, reducir residuos y resguardar los derechos de las futuras generaciones. La promesa concluy\u00f3 con una pregunta clave:<br>\u201c\u00bfPrometen ser desde hoy guardianes y guardianas del ambiente que los rodea?\u201d, a la que respondieron con entusiasmo y alegr\u00eda.<\/p>\n\n\n\n<p>La vicegobernadora Teresita Madera manifest\u00f3 su emoci\u00f3n por participar de esta jornada tan especial. \u201cFue un acto colorido, alegre, lleno de esperanza. Me llena de orgullo ver c\u00f3mo nuestras ni\u00f1as y ni\u00f1os asumen este compromiso con el ambiente. Ellos son los protagonistas y tambi\u00e9n los guardianes del futuro que queremos construir\u201d, expres\u00f3.<\/p>\n\n\n\n<p>El ministro Ariel Mart\u00ednez destac\u00f3 que \u201cHoy es un d\u00eda de cuidado, de amor y de vida. Creemos en las grandes transformaciones y creemos en ustedes como cuidadores y replicadores de este compromiso. Es un acto de responsabilidad colectiva para construir una sociedad m\u00e1s emp\u00e1tica y solidaria\u201d.<\/p>\n\n\n\n<p>El secretario Santiago Azulay, por su parte, record\u00f3 el origen de esta iniciativa a nivel nacional; \u201cCuando me toc\u00f3 presidir el Consejo Federal de Ambiente comenzamos a pensar c\u00f3mo generar conciencia ambiental. As\u00ed naci\u00f3 esta ley que hoy hace posible que todos los chicos y chicas de quinto grado del pa\u00eds realicen esta promesa. Cuidar el ambiente es tambi\u00e9n cuidarnos entre todos\u201d.<\/p>\n\n\n\n<p><\/p>\n","protected":false},"excerpt":{"rendered":"<p>En el marco del D\u00eda Mundial del Ambiente, este 5 de junio se llev\u00f3 a cabo un emotivo acto en el Parque de la Ciudad de Chilecito, donde 550 estudiantes de 5\u00ba grado de escuelas del departamento realizaron su promesa de compromiso con el cuidado de la naturaleza. El acto fue presidido por la vicegobernadora [&hellip;]<\/p>\n","protected":false},"author":3,"featured_media":2638,"comment_status":"open","ping_status":"open","sticky":false,"template":"","format":"standard","meta":{"_jetpack_memberships_contains_paid_content":false,"footnotes":""},"categories":[1],"tags":[],"class_list":["post-2636","post","type-post","status-publish","format-standard","has-post-thumbnail","hentry","category-local"],"jetpack_featured_media_url":"https:\/\/pasahoy.com.ar\/ph\/wp-content\/uploads\/2025\/06\/1000401347.jpg","jetpack_sharing_enabled":true,"_links":{"self":[{"href":"https:\/\/pasahoy.com.ar\/ph\/wp-json\/wp\/v2\/posts\/2636","targetHints":{"allow":["GET"]}}],"collection":[{"href":"https:\/\/pasahoy.com.ar\/ph\/wp-json\/wp\/v2\/posts"}],"about":[{"href":"https:\/\/pasahoy.com.ar\/ph\/wp-json\/wp\/v2\/types\/post"}],"author":[{"embeddable":true,"href":"https:\/\/pasahoy.com.ar\/ph\/wp-json\/wp\/v2\/users\/3"}],"replies":[{"embeddable":true,"href":"https:\/\/pasahoy.com.ar\/ph\/wp-json\/wp\/v2\/comments?post=2636"}],"version-history":[{"count":1,"href":"https:\/\/pasahoy.com.ar\/ph\/wp-json\/wp\/v2\/posts\/2636\/revisions"}],"predecessor-version":[{"id":2640,"href":"https:\/\/pasahoy.com.ar\/ph\/wp-json\/wp\/v2\/posts\/2636\/revisions\/2640"}],"wp:featuredmedia":[{"embeddable":true,"href":"https:\/\/pasahoy.com.ar\/ph\/wp-json\/wp\/v2\/media\/2638"}],"wp:attachment":[{"href":"https:\/\/pasahoy.com.ar\/ph\/wp-json\/wp\/v2\/media?parent=2636"}],"wp:term":[{"taxonomy":"category","embeddable":true,"href":"https:\/\/pasahoy.com.ar\/ph\/wp-json\/wp\/v2\/categories?post=2636"},{"taxonomy":"post_tag","embeddable":true,"href":"https:\/\/pasahoy.com.ar\/ph\/wp-json\/wp\/v2\/tags?post=2636"}],"curies":[{"name":"wp","href":"https:\/\/api.w.org\/{rel}","templated":true}]}}