{"id":2629,"date":"2025-06-05T20:25:13","date_gmt":"2025-06-05T20:25:13","guid":{"rendered":"https:\/\/pasahoy.com.ar\/ph\/?p=2629"},"modified":"2025-06-05T20:25:26","modified_gmt":"2025-06-05T20:25:26","slug":"denuncian-un-intento-de-violacion-en-la-ciudad-de-chepes","status":"publish","type":"post","link":"https:\/\/pasahoy.com.ar\/ph\/denuncian-un-intento-de-violacion-en-la-ciudad-de-chepes\/","title":{"rendered":"Denuncian un intento de violaci\u00f3n en la Ciudad de Chepes"},"content":{"rendered":"\n<p>Una mujer de 35 a\u00f1os, denunci\u00f3 que un hombre intent\u00f3 abusar de su hija mientras ella iba a comprar.<\/p>\n\n\n\n<p>El hecho se produjo en el Barrio La B\u00e1scula, cuando la menor iba a la carnicer\u00eda y el denunciante intent\u00f3 agarrarla, besarla y llevarla a un descampado; la chica, de 16 a\u00f1os, logr\u00f3 escapar y volver sana y salva a su domicilio en Barrio Las Toscas. <\/p>\n\n\n\n<p>La v\u00edctima fue examinada por el m\u00e9dico, y no observ\u00f3 lesiones, patolog\u00edas ni aliento et\u00edlico en ella.<\/p>\n\n\n\n<p>Autoridades de la Unidad Regional de la Comisar\u00eda de la Mujer, el Menor y la Familia de Chepes, solicitaron que se le de intervenci\u00f3n a la justicia y se le otorgue una medida de restricci\u00f3n a favor de su hija y en contra del denunciado<\/p>\n\n\n\n<figure class=\"wp-block-gallery has-nested-images columns-default is-cropped wp-block-gallery-1 is-layout-flex wp-block-gallery-is-layout-flex\">\n<figure class=\"wp-block-image size-large\"><img loading=\"lazy\" decoding=\"async\" width=\"1024\" height=\"738\" data-id=\"2630\" src=\"https:\/\/pasahoy.com.ar\/ph\/wp-content\/uploads\/2025\/06\/1000398864-1024x738.png\" alt=\"\" class=\"wp-image-2630\" srcset=\"https:\/\/pasahoy.com.ar\/ph\/wp-content\/uploads\/2025\/06\/1000398864-1024x738.png 1024w, https:\/\/pasahoy.com.ar\/ph\/wp-content\/uploads\/2025\/06\/1000398864-300x216.png 300w, https:\/\/pasahoy.com.ar\/ph\/wp-content\/uploads\/2025\/06\/1000398864-768x553.png 768w, https:\/\/pasahoy.com.ar\/ph\/wp-content\/uploads\/2025\/06\/1000398864.png 1037w\" sizes=\"auto, (max-width: 1024px) 100vw, 1024px\" \/><\/figure>\n<\/figure>\n","protected":false},"excerpt":{"rendered":"<p>Una mujer de 35 a\u00f1os, denunci\u00f3 que un hombre intent\u00f3 abusar de su hija mientras ella iba a comprar. El hecho se produjo en el Barrio La B\u00e1scula, cuando la menor iba a la carnicer\u00eda y el denunciante intent\u00f3 agarrarla, besarla y llevarla a un descampado; la chica, de 16 a\u00f1os, logr\u00f3 escapar y volver [&hellip;]<\/p>\n","protected":false},"author":3,"featured_media":2630,"comment_status":"open","ping_status":"open","sticky":false,"template":"","format":"standard","meta":{"_jetpack_memberships_contains_paid_content":false,"footnotes":""},"categories":[9],"tags":[],"class_list":["post-2629","post","type-post","status-publish","format-standard","has-post-thumbnail","hentry","category-policial"],"jetpack_featured_media_url":"https:\/\/pasahoy.com.ar\/ph\/wp-content\/uploads\/2025\/06\/1000398864.png","jetpack_sharing_enabled":true,"_links":{"self":[{"href":"https:\/\/pasahoy.com.ar\/ph\/wp-json\/wp\/v2\/posts\/2629","targetHints":{"allow":["GET"]}}],"collection":[{"href":"https:\/\/pasahoy.com.ar\/ph\/wp-json\/wp\/v2\/posts"}],"about":[{"href":"https:\/\/pasahoy.com.ar\/ph\/wp-json\/wp\/v2\/types\/post"}],"author":[{"embeddable":true,"href":"https:\/\/pasahoy.com.ar\/ph\/wp-json\/wp\/v2\/users\/3"}],"replies":[{"embeddable":true,"href":"https:\/\/pasahoy.com.ar\/ph\/wp-json\/wp\/v2\/comments?post=2629"}],"version-history":[{"count":1,"href":"https:\/\/pasahoy.com.ar\/ph\/wp-json\/wp\/v2\/posts\/2629\/revisions"}],"predecessor-version":[{"id":2631,"href":"https:\/\/pasahoy.com.ar\/ph\/wp-json\/wp\/v2\/posts\/2629\/revisions\/2631"}],"wp:featuredmedia":[{"embeddable":true,"href":"https:\/\/pasahoy.com.ar\/ph\/wp-json\/wp\/v2\/media\/2630"}],"wp:attachment":[{"href":"https:\/\/pasahoy.com.ar\/ph\/wp-json\/wp\/v2\/media?parent=2629"}],"wp:term":[{"taxonomy":"category","embeddable":true,"href":"https:\/\/pasahoy.com.ar\/ph\/wp-json\/wp\/v2\/categories?post=2629"},{"taxonomy":"post_tag","embeddable":true,"href":"https:\/\/pasahoy.com.ar\/ph\/wp-json\/wp\/v2\/tags?post=2629"}],"curies":[{"name":"wp","href":"https:\/\/api.w.org\/{rel}","templated":true}]}}