{"id":2626,"date":"2025-06-05T20:20:53","date_gmt":"2025-06-05T20:20:53","guid":{"rendered":"https:\/\/pasahoy.com.ar\/ph\/?p=2626"},"modified":"2025-06-05T20:21:20","modified_gmt":"2025-06-05T20:21:20","slug":"cristina-kirchner-convoco-a-axel-kicillof-para-debatir-la-estrategia-en-provincia-de-buenos-aires","status":"publish","type":"post","link":"https:\/\/pasahoy.com.ar\/ph\/cristina-kirchner-convoco-a-axel-kicillof-para-debatir-la-estrategia-en-provincia-de-buenos-aires\/","title":{"rendered":"Cristina Kirchner convoc\u00f3 a Axel Kicillof para debatir la estrategia en Provincia de Buenos Aires"},"content":{"rendered":"\n<p>Aunque se esperaba que el encuentro se concretara este jueves al mediod\u00eda, allegados al gobernador difundieron una imagen suya inaugurando una plaza en La Plata. <\/p>\n\n\n\n<p>La presidenta del Partido Justicialista, Cristina Kirchner, convoc\u00f3 al gobernador bonaerense Axel Kicillof a una reuni\u00f3n para discutir la estrategia electoral del peronismo en la Provincia de Buenos Aires. Fuentes cercanas a la ex mandataria y a los equipos que negocian el armado pol\u00edtico en el distrito m\u00e1s importante del pa\u00eds confirmaron la informaci\u00f3n.<\/p>\n\n\n\n<p>Aunque se esperaba que el encuentro se concretara este jueves al mediod\u00eda, allegados al gobernador difundieron una imagen suya inaugurando una plaza en\u00a0<strong>La Plata\u00a0<\/strong>alrededor de las 13:45, lo que sembr\u00f3 dudas sobre la realizaci\u00f3n efectiva del cara a cara. Mientras tanto,\u00a0<em>Infobae\u00a0<\/em>mantuvo una guardia desde las 11 en el lugar de la reuni\u00f3n prevista, donde se registr\u00f3 un fuerte operativo de seguridad montado por la\u00a0<strong>Polic\u00eda Federal<\/strong>, en coordinaci\u00f3n con el equipo de custodia de la ex vicepresidenta.<\/p>\n\n\n\n<p>A las 11:05, una persona ingres\u00f3 en una camioneta negra, escoltada por efectivos que protegieron cuidadosamente su acceso para evitar la toma de im\u00e1genes. Poco despu\u00e9s, a las 12:00, se sum\u00f3 el diputado nacional\u00a0<strong>M\u00e1ximo Kirchner<\/strong>, vestido con campera verde y gorra. Tambi\u00e9n fue visto en la zona el abogado de la ex presidenta,\u00a0<strong>Carlos Beraldi<\/strong>. <\/p>\n\n\n\n<p>El encuentro con\u00a0<strong>Kicillof<\/strong>, de concretarse, representar\u00eda el segundo contacto directo entre ambos en los \u00faltimos d\u00edas. El primero se dio el martes mediante una conversaci\u00f3n telef\u00f3nica promovida por\u00a0<strong>Cristina Kirchner<\/strong>, con el objetivo de superar el distanciamiento pol\u00edtico que se hab\u00eda instalado entre ambos referentes del peronismo.<\/p>\n\n\n\n<figure class=\"wp-block-gallery has-nested-images columns-default is-cropped wp-block-gallery-1 is-layout-flex wp-block-gallery-is-layout-flex\">\n<figure class=\"wp-block-image size-large\"><img loading=\"lazy\" decoding=\"async\" width=\"1024\" height=\"689\" data-id=\"2627\" src=\"https:\/\/pasahoy.com.ar\/ph\/wp-content\/uploads\/2025\/06\/1000398857-1024x689.png\" alt=\"\" class=\"wp-image-2627\" srcset=\"https:\/\/pasahoy.com.ar\/ph\/wp-content\/uploads\/2025\/06\/1000398857-1024x689.png 1024w, https:\/\/pasahoy.com.ar\/ph\/wp-content\/uploads\/2025\/06\/1000398857-300x202.png 300w, https:\/\/pasahoy.com.ar\/ph\/wp-content\/uploads\/2025\/06\/1000398857-768x516.png 768w, https:\/\/pasahoy.com.ar\/ph\/wp-content\/uploads\/2025\/06\/1000398857.png 1032w\" sizes=\"auto, (max-width: 1024px) 100vw, 1024px\" \/><\/figure>\n<\/figure>\n","protected":false},"excerpt":{"rendered":"<p>Aunque se esperaba que el encuentro se concretara este jueves al mediod\u00eda, allegados al gobernador difundieron una imagen suya inaugurando una plaza en La Plata. La presidenta del Partido Justicialista, Cristina Kirchner, convoc\u00f3 al gobernador bonaerense Axel Kicillof a una reuni\u00f3n para discutir la estrategia electoral del peronismo en la Provincia de Buenos Aires. Fuentes [&hellip;]<\/p>\n","protected":false},"author":3,"featured_media":2627,"comment_status":"open","ping_status":"open","sticky":false,"template":"","format":"standard","meta":{"_jetpack_memberships_contains_paid_content":false,"footnotes":""},"categories":[2],"tags":[],"class_list":["post-2626","post","type-post","status-publish","format-standard","has-post-thumbnail","hentry","category-nacional"],"jetpack_featured_media_url":"https:\/\/pasahoy.com.ar\/ph\/wp-content\/uploads\/2025\/06\/1000398857.png","jetpack_sharing_enabled":true,"_links":{"self":[{"href":"https:\/\/pasahoy.com.ar\/ph\/wp-json\/wp\/v2\/posts\/2626","targetHints":{"allow":["GET"]}}],"collection":[{"href":"https:\/\/pasahoy.com.ar\/ph\/wp-json\/wp\/v2\/posts"}],"about":[{"href":"https:\/\/pasahoy.com.ar\/ph\/wp-json\/wp\/v2\/types\/post"}],"author":[{"embeddable":true,"href":"https:\/\/pasahoy.com.ar\/ph\/wp-json\/wp\/v2\/users\/3"}],"replies":[{"embeddable":true,"href":"https:\/\/pasahoy.com.ar\/ph\/wp-json\/wp\/v2\/comments?post=2626"}],"version-history":[{"count":1,"href":"https:\/\/pasahoy.com.ar\/ph\/wp-json\/wp\/v2\/posts\/2626\/revisions"}],"predecessor-version":[{"id":2628,"href":"https:\/\/pasahoy.com.ar\/ph\/wp-json\/wp\/v2\/posts\/2626\/revisions\/2628"}],"wp:featuredmedia":[{"embeddable":true,"href":"https:\/\/pasahoy.com.ar\/ph\/wp-json\/wp\/v2\/media\/2627"}],"wp:attachment":[{"href":"https:\/\/pasahoy.com.ar\/ph\/wp-json\/wp\/v2\/media?parent=2626"}],"wp:term":[{"taxonomy":"category","embeddable":true,"href":"https:\/\/pasahoy.com.ar\/ph\/wp-json\/wp\/v2\/categories?post=2626"},{"taxonomy":"post_tag","embeddable":true,"href":"https:\/\/pasahoy.com.ar\/ph\/wp-json\/wp\/v2\/tags?post=2626"}],"curies":[{"name":"wp","href":"https:\/\/api.w.org\/{rel}","templated":true}]}}