{"id":2623,"date":"2025-06-05T20:15:20","date_gmt":"2025-06-05T20:15:20","guid":{"rendered":"https:\/\/pasahoy.com.ar\/ph\/?p=2623"},"modified":"2025-06-05T20:15:33","modified_gmt":"2025-06-05T20:15:33","slug":"murio-un-hombre-en-el-hospital-motta-por-un-medicamento-del-cual-era-alergico","status":"publish","type":"post","link":"https:\/\/pasahoy.com.ar\/ph\/murio-un-hombre-en-el-hospital-motta-por-un-medicamento-del-cual-era-alergico\/","title":{"rendered":"MURI\u00d3 UN HOMBRE EN EL HOSPITAL MOTTA, POR UN MEDICAMENTO DEL CUAL ERA AL\u00c9RGICO."},"content":{"rendered":"\n<p>Hugo Aguirre, muri\u00f3 este mi\u00e9rcoles en el hospital Eleazar Herrera Motta. Su familia asegur\u00f3 que fue internado por un cuadro leve de hipertensi\u00f3n y az\u00facar alta, y denunci\u00f3 irregularidades en la medicaci\u00f3n.<br>Sus hijas declararon que el paciente era al\u00e9rgico a la penicilina y que, tras recibir una medicaci\u00f3n no informada, comenz\u00f3 a descompensarse gravemente. Afirman que hubo confusi\u00f3n en el procedimiento el personal m\u00e9dico no brind\u00f3 respuestas claras.<\/p>\n\n\n\n<figure class=\"wp-block-gallery has-nested-images columns-default is-cropped wp-block-gallery-1 is-layout-flex wp-block-gallery-is-layout-flex\">\n<figure class=\"wp-block-image size-large\"><img loading=\"lazy\" decoding=\"async\" width=\"275\" height=\"183\" data-id=\"2624\" src=\"https:\/\/pasahoy.com.ar\/ph\/wp-content\/uploads\/2025\/06\/1000398856.jpg\" alt=\"\" class=\"wp-image-2624\"\/><\/figure>\n<\/figure>\n\n\n\n<p>Seg\u00fan el abogado de la familia, ya se orden\u00f3 una autopsia, el secuestro de la historia cl\u00ednica y la revisi\u00f3n de c\u00e1maras de seguridad. La fiscal\u00eda y el juez Carrizo intervinieron para esclarecer lo ocurrido.<\/p>\n\n\n\n<p>Desde el hospital a\u00fan no emitieron ninguna versi\u00f3n oficial sobre los hechos. La familia pidi\u00f3 justicia y que se investigue con transparencia. El cuerpo permanece en la morgue, donde este en las pr\u00f3ximas horas se realizar\u00e1 la autopsia ordenada por la Justicia.<\/p>\n","protected":false},"excerpt":{"rendered":"<p>Hugo Aguirre, muri\u00f3 este mi\u00e9rcoles en el hospital Eleazar Herrera Motta. Su familia asegur\u00f3 que fue internado por un cuadro leve de hipertensi\u00f3n y az\u00facar alta, y denunci\u00f3 irregularidades en la medicaci\u00f3n.Sus hijas declararon que el paciente era al\u00e9rgico a la penicilina y que, tras recibir una medicaci\u00f3n no informada, comenz\u00f3 a descompensarse gravemente. Afirman [&hellip;]<\/p>\n","protected":false},"author":3,"featured_media":2624,"comment_status":"open","ping_status":"open","sticky":false,"template":"","format":"standard","meta":{"_jetpack_memberships_contains_paid_content":false,"footnotes":""},"categories":[9],"tags":[],"class_list":["post-2623","post","type-post","status-publish","format-standard","has-post-thumbnail","hentry","category-policial"],"jetpack_featured_media_url":"https:\/\/pasahoy.com.ar\/ph\/wp-content\/uploads\/2025\/06\/1000398856.jpg","jetpack_sharing_enabled":true,"_links":{"self":[{"href":"https:\/\/pasahoy.com.ar\/ph\/wp-json\/wp\/v2\/posts\/2623","targetHints":{"allow":["GET"]}}],"collection":[{"href":"https:\/\/pasahoy.com.ar\/ph\/wp-json\/wp\/v2\/posts"}],"about":[{"href":"https:\/\/pasahoy.com.ar\/ph\/wp-json\/wp\/v2\/types\/post"}],"author":[{"embeddable":true,"href":"https:\/\/pasahoy.com.ar\/ph\/wp-json\/wp\/v2\/users\/3"}],"replies":[{"embeddable":true,"href":"https:\/\/pasahoy.com.ar\/ph\/wp-json\/wp\/v2\/comments?post=2623"}],"version-history":[{"count":1,"href":"https:\/\/pasahoy.com.ar\/ph\/wp-json\/wp\/v2\/posts\/2623\/revisions"}],"predecessor-version":[{"id":2625,"href":"https:\/\/pasahoy.com.ar\/ph\/wp-json\/wp\/v2\/posts\/2623\/revisions\/2625"}],"wp:featuredmedia":[{"embeddable":true,"href":"https:\/\/pasahoy.com.ar\/ph\/wp-json\/wp\/v2\/media\/2624"}],"wp:attachment":[{"href":"https:\/\/pasahoy.com.ar\/ph\/wp-json\/wp\/v2\/media?parent=2623"}],"wp:term":[{"taxonomy":"category","embeddable":true,"href":"https:\/\/pasahoy.com.ar\/ph\/wp-json\/wp\/v2\/categories?post=2623"},{"taxonomy":"post_tag","embeddable":true,"href":"https:\/\/pasahoy.com.ar\/ph\/wp-json\/wp\/v2\/tags?post=2623"}],"curies":[{"name":"wp","href":"https:\/\/api.w.org\/{rel}","templated":true}]}}