{"id":2619,"date":"2025-06-05T19:04:14","date_gmt":"2025-06-05T19:04:14","guid":{"rendered":"https:\/\/pasahoy.com.ar\/ph\/?p=2619"},"modified":"2025-06-05T19:04:48","modified_gmt":"2025-06-05T19:04:48","slug":"la-justicia-inicio-un-juicio-por-abuso-sexual-ocurrido-en-un-barrio-de-la-zona-noroeste-de-la-ciudad","status":"publish","type":"post","link":"https:\/\/pasahoy.com.ar\/ph\/la-justicia-inicio-un-juicio-por-abuso-sexual-ocurrido-en-un-barrio-de-la-zona-noroeste-de-la-ciudad\/","title":{"rendered":"LA JUSTICIA INICI\u00d3 UN JUICIO POR ABUSO SEXUAL OCURRIDO EN UN BARRIO DE LA ZONA NOROESTE DE LA CIUDAD"},"content":{"rendered":"\n<p>La C\u00e1mara Tercera en lo Criminal y Correccional de la Primera Circunscripci\u00f3n Judicial, con sede en la ciudad de La Rioja en tribunal integrado por el presidente, Dr. Gustavo D\u00edaz, y los vocales Dra. Edith Ag\u00fcero y Dr. Rodolfo Ortiz Ju\u00e1rez., dio inicio al juicio contra Jorge A. F., acusado del delito de abuso sexual con acceso carnal.<\/p>\n\n\n\n<figure class=\"wp-block-gallery has-nested-images columns-default is-cropped wp-block-gallery-1 is-layout-flex wp-block-gallery-is-layout-flex\">\n<figure class=\"wp-block-image size-large\"><img loading=\"lazy\" decoding=\"async\" width=\"870\" height=\"569\" data-id=\"2620\" src=\"https:\/\/pasahoy.com.ar\/ph\/wp-content\/uploads\/2025\/06\/1000398618.png\" alt=\"\" class=\"wp-image-2620\" srcset=\"https:\/\/pasahoy.com.ar\/ph\/wp-content\/uploads\/2025\/06\/1000398618.png 870w, https:\/\/pasahoy.com.ar\/ph\/wp-content\/uploads\/2025\/06\/1000398618-300x196.png 300w, https:\/\/pasahoy.com.ar\/ph\/wp-content\/uploads\/2025\/06\/1000398618-768x502.png 768w\" sizes=\"auto, (max-width: 870px) 100vw, 870px\" \/><\/figure>\n<\/figure>\n\n\n\n<p>Seg\u00fan consta en el expediente, el hecho habr\u00eda ocurrido el 15 de febrero de 2021, alrededor de las 9 de la ma\u00f1ana, en un domicilio de un barrio de la zona noroeste de la ciudad. En ese momento, la v\u00edctima se encontraba durmiendo en su habitaci\u00f3n con la ventana abierta, circunstancia que habr\u00eda sido aprovechada por el imputado para ingresar al lugar y abusar sexualmente de ella.<\/p>\n\n\n\n<p>Durante una extensa primera jornada de audiencias, declararon cinco testigos; primero una oficial inspectora de la Comisar\u00eda Segunda quien relat\u00f3 que recibi\u00f3 la denuncia y acudi\u00f3 al domicilio. Explic\u00f3 que encontr\u00f3 a la v\u00edctima en estado de ebriedad y recab\u00f3 datos a trav\u00e9s de la hermana de la joven, quien le inform\u00f3 que la v\u00edctima se hab\u00eda quedado dormida con la ventana abierta tras una noche de consumo de alcohol. Luego de la denuncia, se le realiz\u00f3 a la v\u00edctima una revisi\u00f3n m\u00e9dica.<\/p>\n\n\n\n<p>Otro funcionario policial, actualmente en la Comisar\u00eda Novena, record\u00f3 que recibi\u00f3 el llamado de emergencia desde el barrio, se\u00f1alando que el hermano de la v\u00edctima intercept\u00f3 al acusado cuando intentaba huir y que este fue trasladado por la polic\u00eda al hospital y posteriormente detenido.<\/p>\n\n\n\n<p>La v\u00edctima brind\u00f3 su testimonio, en el que relat\u00f3 su situaci\u00f3n personal y su v\u00ednculo previo con el imputado. Narr\u00f3 que, tras quedarse dormida, se despert\u00f3 con el agresor abusando de ella; y es all\u00ed cuando comenz\u00f3 a forcejear y logr\u00f3 alertar a sus hermanos, quienes acudieron en su auxilio. La joven manifest\u00f3 que desde el hecho ha debido someterse a tratamiento psiqui\u00e1trico y psicol\u00f3gico.<\/p>\n\n\n\n<p>La hermana de la v\u00edctima declar\u00f3 que escuch\u00f3 m\u00fasica alta a la ma\u00f1ana y encontr\u00f3 al imputado dentro de la vivienda. Lo expuls\u00f3 inmediatamente y minutos despu\u00e9s su hermana sali\u00f3 corriendo y gritando que hab\u00eda sido v\u00edctima de un abuso.<\/p>\n\n\n\n<p>El hermano de la v\u00edctima relat\u00f3 que escuch\u00f3 ruidos y vio al acusado salir por la ventana de la habitaci\u00f3n. Si bien inicialmente no logr\u00f3 alcanzarlo, tras la denuncia de su hermana lo busc\u00f3 y lo encontr\u00f3 en la v\u00eda p\u00fablica, donde le propin\u00f3 golpes antes de que fuera detenido por la polic\u00eda.<\/p>\n\n\n\n<p>El proceso judicial continuar\u00e1 en las pr\u00f3ximas audiencias, en las que se prev\u00e9 la incorporaci\u00f3n de nuevas pruebas y declaraciones testimoniales que aporten m\u00e1s elementos para el esclarecimiento del caso.<\/p>\n","protected":false},"excerpt":{"rendered":"<p>La C\u00e1mara Tercera en lo Criminal y Correccional de la Primera Circunscripci\u00f3n Judicial, con sede en la ciudad de La Rioja en tribunal integrado por el presidente, Dr. Gustavo D\u00edaz, y los vocales Dra. Edith Ag\u00fcero y Dr. Rodolfo Ortiz Ju\u00e1rez., dio inicio al juicio contra Jorge A. F., acusado del delito de abuso sexual [&hellip;]<\/p>\n","protected":false},"author":3,"featured_media":2620,"comment_status":"open","ping_status":"open","sticky":false,"template":"","format":"standard","meta":{"_jetpack_memberships_contains_paid_content":false,"footnotes":""},"categories":[12],"tags":[],"class_list":["post-2619","post","type-post","status-publish","format-standard","has-post-thumbnail","hentry","category-judicial"],"jetpack_featured_media_url":"https:\/\/pasahoy.com.ar\/ph\/wp-content\/uploads\/2025\/06\/1000398618.png","jetpack_sharing_enabled":true,"_links":{"self":[{"href":"https:\/\/pasahoy.com.ar\/ph\/wp-json\/wp\/v2\/posts\/2619","targetHints":{"allow":["GET"]}}],"collection":[{"href":"https:\/\/pasahoy.com.ar\/ph\/wp-json\/wp\/v2\/posts"}],"about":[{"href":"https:\/\/pasahoy.com.ar\/ph\/wp-json\/wp\/v2\/types\/post"}],"author":[{"embeddable":true,"href":"https:\/\/pasahoy.com.ar\/ph\/wp-json\/wp\/v2\/users\/3"}],"replies":[{"embeddable":true,"href":"https:\/\/pasahoy.com.ar\/ph\/wp-json\/wp\/v2\/comments?post=2619"}],"version-history":[{"count":1,"href":"https:\/\/pasahoy.com.ar\/ph\/wp-json\/wp\/v2\/posts\/2619\/revisions"}],"predecessor-version":[{"id":2621,"href":"https:\/\/pasahoy.com.ar\/ph\/wp-json\/wp\/v2\/posts\/2619\/revisions\/2621"}],"wp:featuredmedia":[{"embeddable":true,"href":"https:\/\/pasahoy.com.ar\/ph\/wp-json\/wp\/v2\/media\/2620"}],"wp:attachment":[{"href":"https:\/\/pasahoy.com.ar\/ph\/wp-json\/wp\/v2\/media?parent=2619"}],"wp:term":[{"taxonomy":"category","embeddable":true,"href":"https:\/\/pasahoy.com.ar\/ph\/wp-json\/wp\/v2\/categories?post=2619"},{"taxonomy":"post_tag","embeddable":true,"href":"https:\/\/pasahoy.com.ar\/ph\/wp-json\/wp\/v2\/tags?post=2619"}],"curies":[{"name":"wp","href":"https:\/\/api.w.org\/{rel}","templated":true}]}}