{"id":2616,"date":"2025-06-05T19:00:31","date_gmt":"2025-06-05T19:00:31","guid":{"rendered":"https:\/\/pasahoy.com.ar\/ph\/?p=2616"},"modified":"2025-06-05T19:00:49","modified_gmt":"2025-06-05T19:00:49","slug":"la-justicia-dicto-una-orden-de-detencion-para-un-progenitor-por-incumplir-deberes-de-asistencia-familiar","status":"publish","type":"post","link":"https:\/\/pasahoy.com.ar\/ph\/la-justicia-dicto-una-orden-de-detencion-para-un-progenitor-por-incumplir-deberes-de-asistencia-familiar\/","title":{"rendered":"LA JUSTICIA DICTO UNA ORDEN DE DETENCION PARA UN PROGENITOR POR INCUMPLIR DEBERES DE ASISTENCIA FAMILIAR"},"content":{"rendered":"\n<p>La jueza Dra. Gisela Flamini, a cargo del Juzgado de Instrucci\u00f3n de Violencia de G\u00e9nero y Protecci\u00f3n Integral de Menores Nro. 2 de la Primera Circunscripci\u00f3n Judicial de esta Ciudad Capital, dict\u00f3 una orden de detenci\u00f3n para un progenitor por incumplimiento de los deberes de asistencia familiar.<\/p>\n\n\n\n<figure class=\"wp-block-gallery has-nested-images columns-default is-cropped wp-block-gallery-1 is-layout-flex wp-block-gallery-is-layout-flex\">\n<figure class=\"wp-block-image size-large\"><img loading=\"lazy\" decoding=\"async\" width=\"854\" height=\"560\" data-id=\"2617\" src=\"https:\/\/pasahoy.com.ar\/ph\/wp-content\/uploads\/2025\/06\/1000398619.png\" alt=\"\" class=\"wp-image-2617\" srcset=\"https:\/\/pasahoy.com.ar\/ph\/wp-content\/uploads\/2025\/06\/1000398619.png 854w, https:\/\/pasahoy.com.ar\/ph\/wp-content\/uploads\/2025\/06\/1000398619-300x197.png 300w, https:\/\/pasahoy.com.ar\/ph\/wp-content\/uploads\/2025\/06\/1000398619-768x504.png 768w\" sizes=\"auto, (max-width: 854px) 100vw, 854px\" \/><\/figure>\n<\/figure>\n\n\n\n<p>El hecho inicia a ra\u00edz de una denuncia por parte de una madre en contra del padre de sus hijos, por motivo de no cumplir con lo ordenado en una sentencia judicial que, obligaba a pagar una cuota alimentaria provisoria del 25% de los ingresos percibido por este progenitor. Esta negativa de cumplir, dejo claramente a los menores en una situaci\u00f3n compleja y vulnerable, especialmente de no aportar econ\u00f3micamente en el cuidado de uno de sus hijos con diversidad funcional, quien requiere atenci\u00f3n especial y gastos adicionales para su salud, rehabilitaci\u00f3n y medicamentos. En el tr\u00e1mite judicial, la denunciante relato que en el a\u00f1o 2022 ella misma debi\u00f3 afrontar un 100% los costos en salud y educaci\u00f3n de ambos menores incluyendo tratamientos y terapias.<\/p>\n\n\n\n<p>Finalmente, se presentaron m\u00faltiples informes m\u00e9dicos, certificados de discapacidad y comprobantes de gastos relacionados con el bienestar de los menores, donde destaca la gravedad de la situaci\u00f3n que le exige a solicitar medidas en car\u00e1cter urgente para el cumplimiento de las obligaciones por parte del progenitor, que esta notificado de la resoluci\u00f3n de fecha del mes de octubre del a\u00f1o 2024. El mismo lleva incumpliendo con sus deberes alimentarios desde el a\u00f1o 2018<\/p>\n\n\n\n<p>En el an\u00e1lisis ante el contexto evidente por la violencia econ\u00f3mica de la situaci\u00f3n expuesta, la jueza toma como criterio que, de redactar medidas simples como el dictado de una resoluci\u00f3n puede ser insuficiente ante el compartimiento del imputado y la negativa en deberes legales, dispuestos por ley y considerado un delito penal. El progenitor ha sido notificado de la resoluci\u00f3n con fecha 03 de octubre del a\u00f1o 2024.<\/p>\n\n\n\n<p>Por todo lo presentado, la Magistrada resolvi\u00f3 ordenar la detenci\u00f3n del progenitor por incumplimiento de los deberes de asistencia familiar en situaci\u00f3n de Violencia de G\u00e9nero. El plazo de la detenci\u00f3n ser\u00e1 por un plazo de 72 horas corridas en Alcaida de esta Ciudad Capital, debiendo ser notificado que tiene un plazo de 24hs desde su libertad para el cumplimiento a sus deberes alimentarios, caso contrario se dictara una nueva orden de detenci\u00f3n.<\/p>\n","protected":false},"excerpt":{"rendered":"<p>La jueza Dra. Gisela Flamini, a cargo del Juzgado de Instrucci\u00f3n de Violencia de G\u00e9nero y Protecci\u00f3n Integral de Menores Nro. 2 de la Primera Circunscripci\u00f3n Judicial de esta Ciudad Capital, dict\u00f3 una orden de detenci\u00f3n para un progenitor por incumplimiento de los deberes de asistencia familiar. El hecho inicia a ra\u00edz de una denuncia [&hellip;]<\/p>\n","protected":false},"author":3,"featured_media":2617,"comment_status":"open","ping_status":"open","sticky":false,"template":"","format":"standard","meta":{"_jetpack_memberships_contains_paid_content":false,"footnotes":""},"categories":[12],"tags":[],"class_list":["post-2616","post","type-post","status-publish","format-standard","has-post-thumbnail","hentry","category-judicial"],"jetpack_featured_media_url":"https:\/\/pasahoy.com.ar\/ph\/wp-content\/uploads\/2025\/06\/1000398619.png","jetpack_sharing_enabled":true,"_links":{"self":[{"href":"https:\/\/pasahoy.com.ar\/ph\/wp-json\/wp\/v2\/posts\/2616","targetHints":{"allow":["GET"]}}],"collection":[{"href":"https:\/\/pasahoy.com.ar\/ph\/wp-json\/wp\/v2\/posts"}],"about":[{"href":"https:\/\/pasahoy.com.ar\/ph\/wp-json\/wp\/v2\/types\/post"}],"author":[{"embeddable":true,"href":"https:\/\/pasahoy.com.ar\/ph\/wp-json\/wp\/v2\/users\/3"}],"replies":[{"embeddable":true,"href":"https:\/\/pasahoy.com.ar\/ph\/wp-json\/wp\/v2\/comments?post=2616"}],"version-history":[{"count":1,"href":"https:\/\/pasahoy.com.ar\/ph\/wp-json\/wp\/v2\/posts\/2616\/revisions"}],"predecessor-version":[{"id":2618,"href":"https:\/\/pasahoy.com.ar\/ph\/wp-json\/wp\/v2\/posts\/2616\/revisions\/2618"}],"wp:featuredmedia":[{"embeddable":true,"href":"https:\/\/pasahoy.com.ar\/ph\/wp-json\/wp\/v2\/media\/2617"}],"wp:attachment":[{"href":"https:\/\/pasahoy.com.ar\/ph\/wp-json\/wp\/v2\/media?parent=2616"}],"wp:term":[{"taxonomy":"category","embeddable":true,"href":"https:\/\/pasahoy.com.ar\/ph\/wp-json\/wp\/v2\/categories?post=2616"},{"taxonomy":"post_tag","embeddable":true,"href":"https:\/\/pasahoy.com.ar\/ph\/wp-json\/wp\/v2\/tags?post=2616"}],"curies":[{"name":"wp","href":"https:\/\/api.w.org\/{rel}","templated":true}]}}