{"id":2597,"date":"2025-06-04T19:52:39","date_gmt":"2025-06-04T19:52:39","guid":{"rendered":"https:\/\/pasahoy.com.ar\/ph\/?p=2597"},"modified":"2025-06-04T19:52:50","modified_gmt":"2025-06-04T19:52:50","slug":"trump-hablo-con-putin-sobre-la-guerra-de-ucrania-y-anticipo-que-no-habra-paz-inmediata","status":"publish","type":"post","link":"https:\/\/pasahoy.com.ar\/ph\/trump-hablo-con-putin-sobre-la-guerra-de-ucrania-y-anticipo-que-no-habra-paz-inmediata\/","title":{"rendered":"Trump habl\u00f3 con Putin sobre la guerra de Ucrania y anticip\u00f3 que no habr\u00e1 \u201cpaz inmediata\u201d"},"content":{"rendered":"\n<p>El l\u00edder ruso dijo que responder\u00eda a los ataques ucranianos. Tambi\u00e9n mantuvo una conversaci\u00f3n con el papa Le\u00f3n XIV <\/p>\n\n\n\n<p><strong>Vladimir Putin<\/strong>\u00a0le avis\u00f3 a\u00a0<strong>Donald Trump<\/strong>\u00a0que responder\u00e1 al\u00a0<a href=\"https:\/\/tn.com.ar\/internacional\/2025\/06\/02\/asi-fue-el-ataque-ucraniano-a-gran-escala-contra-bases-aereas-en-rusia\/\">reciente ataque ucraniano con drones\u00a0<\/a>a varios aer\u00f3dromos rusos, lo que seg\u00fan el presidente estadounidense aleja la posibilidad de \u201cuna paz inmediata\u201d en Ucrania. Lo hizo durante un di\u00e1logo telef\u00f3nico que ambos mantuvieron este mi\u00e9rcoles. <\/p>\n\n\n\n<p>Fue una buena conversaci\u00f3n, pero no una que conduzca a una paz inmediata. El presidente Putin afirm\u00f3, con mucha firmeza, que tendr\u00e1 que responder al reciente ataque a los aer\u00f3dromos\u201d, detall\u00f3 Trump en un mensaje en la plataforma Truth Social. <\/p>\n\n\n\n<p>Putin tambi\u00e9n mantuvo una conversaci\u00f3n telef\u00f3nica con el papa Le\u00f3n XIV.<\/p>\n\n\n\n<p>\u201cVlad\u00edmir Putin llam\u00f3 especialmente la atenci\u00f3n (del pont\u00edfice) de que el r\u00e9gimen de Kiev apuesta por una escalada del conflicto al realizar actos subversivos contra la infraestructura civil en territorio ruso\u201d, se\u00f1al\u00f3 la Presidencia rusa en un comunicado. <\/p>\n\n\n\n<p>Trump cont\u00f3 que la llamada con Putin se prolong\u00f3 durante una hora y quince minutos. En ese lapso, los dos l\u00edderes hablaron \u201cdel ataque a los aviones rusos perpetrado por Ucrania, as\u00ed como de otros ataques que han estado llevando a cabo ambas partes\u201d.<\/p>\n\n\n\n<p>Tambi\u00e9n abordaron las negociaciones entre Estados Unidos e Ir\u00e1n para un acuerdo nuclear. Seg\u00fan Trump, Putin mostr\u00f3 su predisposici\u00f3n a participar en esas conversaciones.<\/p>\n\n\n\n<figure class=\"wp-block-gallery has-nested-images columns-default is-cropped wp-block-gallery-1 is-layout-flex wp-block-gallery-is-layout-flex\">\n<figure class=\"wp-block-image size-large\"><img loading=\"lazy\" decoding=\"async\" width=\"929\" height=\"545\" data-id=\"2598\" src=\"https:\/\/pasahoy.com.ar\/ph\/wp-content\/uploads\/2025\/06\/1000395676.png\" alt=\"\" class=\"wp-image-2598\" srcset=\"https:\/\/pasahoy.com.ar\/ph\/wp-content\/uploads\/2025\/06\/1000395676.png 929w, https:\/\/pasahoy.com.ar\/ph\/wp-content\/uploads\/2025\/06\/1000395676-300x176.png 300w, https:\/\/pasahoy.com.ar\/ph\/wp-content\/uploads\/2025\/06\/1000395676-768x451.png 768w\" sizes=\"auto, (max-width: 929px) 100vw, 929px\" \/><\/figure>\n<\/figure>\n","protected":false},"excerpt":{"rendered":"<p>El l\u00edder ruso dijo que responder\u00eda a los ataques ucranianos. Tambi\u00e9n mantuvo una conversaci\u00f3n con el papa Le\u00f3n XIV Vladimir Putin\u00a0le avis\u00f3 a\u00a0Donald Trump\u00a0que responder\u00e1 al\u00a0reciente ataque ucraniano con drones\u00a0a varios aer\u00f3dromos rusos, lo que seg\u00fan el presidente estadounidense aleja la posibilidad de \u201cuna paz inmediata\u201d en Ucrania. Lo hizo durante un di\u00e1logo telef\u00f3nico que [&hellip;]<\/p>\n","protected":false},"author":3,"featured_media":2598,"comment_status":"open","ping_status":"open","sticky":false,"template":"","format":"standard","meta":{"_jetpack_memberships_contains_paid_content":false,"footnotes":""},"categories":[3],"tags":[],"class_list":["post-2597","post","type-post","status-publish","format-standard","has-post-thumbnail","hentry","category-internacional"],"jetpack_featured_media_url":"https:\/\/pasahoy.com.ar\/ph\/wp-content\/uploads\/2025\/06\/1000395676.png","jetpack_sharing_enabled":true,"_links":{"self":[{"href":"https:\/\/pasahoy.com.ar\/ph\/wp-json\/wp\/v2\/posts\/2597","targetHints":{"allow":["GET"]}}],"collection":[{"href":"https:\/\/pasahoy.com.ar\/ph\/wp-json\/wp\/v2\/posts"}],"about":[{"href":"https:\/\/pasahoy.com.ar\/ph\/wp-json\/wp\/v2\/types\/post"}],"author":[{"embeddable":true,"href":"https:\/\/pasahoy.com.ar\/ph\/wp-json\/wp\/v2\/users\/3"}],"replies":[{"embeddable":true,"href":"https:\/\/pasahoy.com.ar\/ph\/wp-json\/wp\/v2\/comments?post=2597"}],"version-history":[{"count":1,"href":"https:\/\/pasahoy.com.ar\/ph\/wp-json\/wp\/v2\/posts\/2597\/revisions"}],"predecessor-version":[{"id":2599,"href":"https:\/\/pasahoy.com.ar\/ph\/wp-json\/wp\/v2\/posts\/2597\/revisions\/2599"}],"wp:featuredmedia":[{"embeddable":true,"href":"https:\/\/pasahoy.com.ar\/ph\/wp-json\/wp\/v2\/media\/2598"}],"wp:attachment":[{"href":"https:\/\/pasahoy.com.ar\/ph\/wp-json\/wp\/v2\/media?parent=2597"}],"wp:term":[{"taxonomy":"category","embeddable":true,"href":"https:\/\/pasahoy.com.ar\/ph\/wp-json\/wp\/v2\/categories?post=2597"},{"taxonomy":"post_tag","embeddable":true,"href":"https:\/\/pasahoy.com.ar\/ph\/wp-json\/wp\/v2\/tags?post=2597"}],"curies":[{"name":"wp","href":"https:\/\/api.w.org\/{rel}","templated":true}]}}