{"id":2591,"date":"2025-06-04T19:45:16","date_gmt":"2025-06-04T19:45:16","guid":{"rendered":"https:\/\/pasahoy.com.ar\/ph\/?p=2591"},"modified":"2025-06-04T19:45:32","modified_gmt":"2025-06-04T19:45:32","slug":"conflicto-en-el-garrahan-fracaso-la-reunion-entre-el-gobierno-y-los-gremios-que-amenazan-con-un-paro-en-salud","status":"publish","type":"post","link":"https:\/\/pasahoy.com.ar\/ph\/conflicto-en-el-garrahan-fracaso-la-reunion-entre-el-gobierno-y-los-gremios-que-amenazan-con-un-paro-en-salud\/","title":{"rendered":"Conflicto en el Garrahan: fracas\u00f3 la reuni\u00f3n entre el Gobierno y los gremios que amenazan con un paro en salud"},"content":{"rendered":"\n<p>Seg\u00fan denunciaron desde ATE, ning\u00fan funcionario de peso asisti\u00f3 al encuentro. \u201cLa audiencia fue un circo\u201d, dijo el secretario General del sindicato, Rodolfo Aguiar. <\/p>\n\n\n\n<p>El\u00a0<a href=\"https:\/\/tn.com.ar\/politica\/2025\/05\/31\/el-anuncio-inconcluso-del-gobierno-para-el-garrahan-la-decepcion-de-los-trabajadores-y-por-que-aun-no-se-hizo\/\"><strong>conflicto en el Hospital Garrahan<\/strong><\/a>\u00a0se profundiza: este mi\u00e9rcoles\u00a0<strong>fracas\u00f3 la reuni\u00f3n<\/strong>\u00a0convocada por el Gobierno con los gremios del centro de salud pedi\u00e1trico de referencia. Seg\u00fan denunciaron desde ATE,\u00a0<strong>ning\u00fan funcionario de peso asisti\u00f3 al encuentro<\/strong>, y la representaci\u00f3n estatal se limit\u00f3 a cuatro enviados del hospital. Tras la audiencia, el secretario general de ATE,\u00a0<strong>Rodolfo Aguiar<\/strong>, anunci\u00f3 un\u00a0<strong>paro nacional en el sector salud<\/strong>. <\/p>\n\n\n\n<p>\u201c\u00a1Verg\u00fcenza!\u00a0<strong>La audiencia por el Garrahan fue un circo<\/strong>. El Gobierno envi\u00f3 a cuatro perejiles\u201d, escribi\u00f3 Aguiar en un duro tuit. \u201cEst\u00e1 claro que no tienen inter\u00e9s alguno en resolver el conflicto. Esta reuni\u00f3n carece de validez.<strong>\u00a0Est\u00e1n rompiendo la conciliaci\u00f3n obligatoria<\/strong>\u201d, agreg\u00f3, y confirm\u00f3 que el gremio llevar\u00e1 el reclamo a todos los hospitales del pa\u00eds <\/p>\n\n\n\n<p>El encuentro se llev\u00f3 a cabo en la sede de la Direcci\u00f3n Nacional de Relaciones y Regulaciones del Trabajo, en el marco de la conciliaci\u00f3n obligatoria dictada por el Ministerio de Capital Humano. La reuni\u00f3n hab\u00eda sido inicialmente pautada para el jueves, pero<strong>\u00a0fue adelantada<\/strong>\u00a0por decisi\u00f3n oficial. No participaron los m\u00e9dicos residentes, que no est\u00e1n sindicalizados. <\/p>\n\n\n\n<p>Desde el Ministerio de Capital Humano que encabeza<strong>\u00a0Sandra Pettovello<\/strong>\u00a0afirmaron que la convocatoria ten\u00eda como objetivo \u201cgenerar espacios de di\u00e1logo entre las partes y avanzar en la b\u00fasqueda de soluciones a los conflictos planteados\u201d.<\/p>\n\n\n\n<figure class=\"wp-block-gallery has-nested-images columns-default is-cropped wp-block-gallery-1 is-layout-flex wp-block-gallery-is-layout-flex\">\n<figure class=\"wp-block-image size-large\"><img loading=\"lazy\" decoding=\"async\" width=\"943\" height=\"542\" data-id=\"2592\" src=\"https:\/\/pasahoy.com.ar\/ph\/wp-content\/uploads\/2025\/06\/1000395659.png\" alt=\"\" class=\"wp-image-2592\" srcset=\"https:\/\/pasahoy.com.ar\/ph\/wp-content\/uploads\/2025\/06\/1000395659.png 943w, https:\/\/pasahoy.com.ar\/ph\/wp-content\/uploads\/2025\/06\/1000395659-300x172.png 300w, https:\/\/pasahoy.com.ar\/ph\/wp-content\/uploads\/2025\/06\/1000395659-768x441.png 768w\" sizes=\"auto, (max-width: 943px) 100vw, 943px\" \/><\/figure>\n<\/figure>\n","protected":false},"excerpt":{"rendered":"<p>Seg\u00fan denunciaron desde ATE, ning\u00fan funcionario de peso asisti\u00f3 al encuentro. \u201cLa audiencia fue un circo\u201d, dijo el secretario General del sindicato, Rodolfo Aguiar. El\u00a0conflicto en el Hospital Garrahan\u00a0se profundiza: este mi\u00e9rcoles\u00a0fracas\u00f3 la reuni\u00f3n\u00a0convocada por el Gobierno con los gremios del centro de salud pedi\u00e1trico de referencia. Seg\u00fan denunciaron desde ATE,\u00a0ning\u00fan funcionario de peso asisti\u00f3 [&hellip;]<\/p>\n","protected":false},"author":3,"featured_media":2592,"comment_status":"open","ping_status":"open","sticky":false,"template":"","format":"standard","meta":{"_jetpack_memberships_contains_paid_content":false,"footnotes":""},"categories":[2],"tags":[],"class_list":["post-2591","post","type-post","status-publish","format-standard","has-post-thumbnail","hentry","category-nacional"],"jetpack_featured_media_url":"https:\/\/pasahoy.com.ar\/ph\/wp-content\/uploads\/2025\/06\/1000395659.png","jetpack_sharing_enabled":true,"_links":{"self":[{"href":"https:\/\/pasahoy.com.ar\/ph\/wp-json\/wp\/v2\/posts\/2591","targetHints":{"allow":["GET"]}}],"collection":[{"href":"https:\/\/pasahoy.com.ar\/ph\/wp-json\/wp\/v2\/posts"}],"about":[{"href":"https:\/\/pasahoy.com.ar\/ph\/wp-json\/wp\/v2\/types\/post"}],"author":[{"embeddable":true,"href":"https:\/\/pasahoy.com.ar\/ph\/wp-json\/wp\/v2\/users\/3"}],"replies":[{"embeddable":true,"href":"https:\/\/pasahoy.com.ar\/ph\/wp-json\/wp\/v2\/comments?post=2591"}],"version-history":[{"count":1,"href":"https:\/\/pasahoy.com.ar\/ph\/wp-json\/wp\/v2\/posts\/2591\/revisions"}],"predecessor-version":[{"id":2593,"href":"https:\/\/pasahoy.com.ar\/ph\/wp-json\/wp\/v2\/posts\/2591\/revisions\/2593"}],"wp:featuredmedia":[{"embeddable":true,"href":"https:\/\/pasahoy.com.ar\/ph\/wp-json\/wp\/v2\/media\/2592"}],"wp:attachment":[{"href":"https:\/\/pasahoy.com.ar\/ph\/wp-json\/wp\/v2\/media?parent=2591"}],"wp:term":[{"taxonomy":"category","embeddable":true,"href":"https:\/\/pasahoy.com.ar\/ph\/wp-json\/wp\/v2\/categories?post=2591"},{"taxonomy":"post_tag","embeddable":true,"href":"https:\/\/pasahoy.com.ar\/ph\/wp-json\/wp\/v2\/tags?post=2591"}],"curies":[{"name":"wp","href":"https:\/\/api.w.org\/{rel}","templated":true}]}}