{"id":2588,"date":"2025-06-04T19:40:26","date_gmt":"2025-06-04T19:40:26","guid":{"rendered":"https:\/\/pasahoy.com.ar\/ph\/?p=2588"},"modified":"2025-06-04T19:41:06","modified_gmt":"2025-06-04T19:41:06","slug":"que-dijo-ingrid-grudke-tras-ser-acusada-de-causar-destrozos-en-un-gimnasio","status":"publish","type":"post","link":"https:\/\/pasahoy.com.ar\/ph\/que-dijo-ingrid-grudke-tras-ser-acusada-de-causar-destrozos-en-un-gimnasio\/","title":{"rendered":"Qu\u00e9 dijo Ingrid Grudke tras ser acusada de causar destrozos en un gimnasio"},"content":{"rendered":"\n<p>En las \u00faltimas horas se viraliz\u00f3 un video de la modelo retirando un cartel de un local, hecho que habr\u00eda derivado en una denuncia policial. <\/p>\n\n\n\n<p><a href=\"https:\/\/tn.com.ar\/show\/famosos\/2025\/01\/20\/ingrid-grudke-hablo-sobre-las-infidelidades-de-su-novio-con-su-sobrina-politica-no-entiendo-la-traicion\/\" target=\"_blank\" rel=\"noreferrer noopener\"><strong>Ingrid Grudke<\/strong><\/a>\u00a0se vio envuelta en un esc\u00e1ndalo luego de que se viralizara un video suyo\u00a0<strong>sacando un cartel publicitario de un gimnasio<\/strong>\u00a0en el que ella tendr\u00eda acciones junto a su expareja. Seg\u00fan publicaron varios medios, la modelo<strong>\u00a0fue acusada de causar destrozos<\/strong>\u00a0en el local ubicado en Posadas, Misiones. <\/p>\n\n\n\n<p>En di\u00e1logo con la periodista Alicia Da Silva, de\u00a0<em>Radio Up<\/em>, una emisora local, Ingrid asegur\u00f3 que<strong>\u00a0se present\u00f3 en el lugar para llevarse elementos de una marca que la sponsorea<\/strong>. \u201cElla me cont\u00f3 que fue a retirar el cartel. En el video se ve que ella sac\u00f3 el banner y se llev\u00f3 las prote\u00ednas de su auspiciante\u201d, explic\u00f3 la cronista en di\u00e1logo con\u00a0<em>Puro Show (eltrece)<\/em>. <\/p>\n\n\n\n<p>Adem\u00e1s, en el ciclo revelaron que\u00a0<strong>existe una denuncia policial realizada por parte de Luis Mendoza<\/strong>, quien ser\u00eda el encargado del local, que se acerc\u00f3 a la comisar\u00eda para efectuar su descargo. Seg\u00fan explicaron, la modelo tendr\u00eda una prohibici\u00f3n de acercamiento del lugar. <\/p>\n\n\n\n<p>Me parece raro porque ella es garante del local que se alquila y tiene 50% de las acciones. No la pueden denunciar por esto. Nos llamaron la atenci\u00f3n los titulares que salieron porque claramente quieren da\u00f1ar la imagen de Ingrid\u201d, se\u00f1al\u00f3 Da Silva. <\/p>\n\n\n\n<figure class=\"wp-block-gallery has-nested-images columns-default is-cropped wp-block-gallery-1 is-layout-flex wp-block-gallery-is-layout-flex\">\n<figure class=\"wp-block-image size-large\"><img loading=\"lazy\" decoding=\"async\" width=\"961\" height=\"699\" data-id=\"2589\" src=\"https:\/\/pasahoy.com.ar\/ph\/wp-content\/uploads\/2025\/06\/1000395655.png\" alt=\"\" class=\"wp-image-2589\" srcset=\"https:\/\/pasahoy.com.ar\/ph\/wp-content\/uploads\/2025\/06\/1000395655.png 961w, https:\/\/pasahoy.com.ar\/ph\/wp-content\/uploads\/2025\/06\/1000395655-300x218.png 300w, https:\/\/pasahoy.com.ar\/ph\/wp-content\/uploads\/2025\/06\/1000395655-768x559.png 768w\" sizes=\"auto, (max-width: 961px) 100vw, 961px\" \/><\/figure>\n<\/figure>\n","protected":false},"excerpt":{"rendered":"<p>En las \u00faltimas horas se viraliz\u00f3 un video de la modelo retirando un cartel de un local, hecho que habr\u00eda derivado en una denuncia policial. Ingrid Grudke\u00a0se vio envuelta en un esc\u00e1ndalo luego de que se viralizara un video suyo\u00a0sacando un cartel publicitario de un gimnasio\u00a0en el que ella tendr\u00eda acciones junto a su expareja. [&hellip;]<\/p>\n","protected":false},"author":3,"featured_media":2589,"comment_status":"open","ping_status":"open","sticky":false,"template":"","format":"standard","meta":{"_jetpack_memberships_contains_paid_content":false,"footnotes":""},"categories":[5],"tags":[],"class_list":["post-2588","post","type-post","status-publish","format-standard","has-post-thumbnail","hentry","category-espectaculo"],"jetpack_featured_media_url":"https:\/\/pasahoy.com.ar\/ph\/wp-content\/uploads\/2025\/06\/1000395655.png","jetpack_sharing_enabled":true,"_links":{"self":[{"href":"https:\/\/pasahoy.com.ar\/ph\/wp-json\/wp\/v2\/posts\/2588","targetHints":{"allow":["GET"]}}],"collection":[{"href":"https:\/\/pasahoy.com.ar\/ph\/wp-json\/wp\/v2\/posts"}],"about":[{"href":"https:\/\/pasahoy.com.ar\/ph\/wp-json\/wp\/v2\/types\/post"}],"author":[{"embeddable":true,"href":"https:\/\/pasahoy.com.ar\/ph\/wp-json\/wp\/v2\/users\/3"}],"replies":[{"embeddable":true,"href":"https:\/\/pasahoy.com.ar\/ph\/wp-json\/wp\/v2\/comments?post=2588"}],"version-history":[{"count":1,"href":"https:\/\/pasahoy.com.ar\/ph\/wp-json\/wp\/v2\/posts\/2588\/revisions"}],"predecessor-version":[{"id":2590,"href":"https:\/\/pasahoy.com.ar\/ph\/wp-json\/wp\/v2\/posts\/2588\/revisions\/2590"}],"wp:featuredmedia":[{"embeddable":true,"href":"https:\/\/pasahoy.com.ar\/ph\/wp-json\/wp\/v2\/media\/2589"}],"wp:attachment":[{"href":"https:\/\/pasahoy.com.ar\/ph\/wp-json\/wp\/v2\/media?parent=2588"}],"wp:term":[{"taxonomy":"category","embeddable":true,"href":"https:\/\/pasahoy.com.ar\/ph\/wp-json\/wp\/v2\/categories?post=2588"},{"taxonomy":"post_tag","embeddable":true,"href":"https:\/\/pasahoy.com.ar\/ph\/wp-json\/wp\/v2\/tags?post=2588"}],"curies":[{"name":"wp","href":"https:\/\/api.w.org\/{rel}","templated":true}]}}