{"id":2580,"date":"2025-06-04T19:26:34","date_gmt":"2025-06-04T19:26:34","guid":{"rendered":"https:\/\/pasahoy.com.ar\/ph\/?p=2580"},"modified":"2025-06-04T19:26:46","modified_gmt":"2025-06-04T19:26:46","slug":"los-gobernadores-se-unieron-para-hacer-frente-a-las-politicas-de-ajuste-de-javier-milei","status":"publish","type":"post","link":"https:\/\/pasahoy.com.ar\/ph\/los-gobernadores-se-unieron-para-hacer-frente-a-las-politicas-de-ajuste-de-javier-milei\/","title":{"rendered":"Los gobernadores se unieron para hacer frente a las pol\u00edticas de ajuste de Javier Milei"},"content":{"rendered":"\n<p><em>En una cumbre en el Consejo Federal de Inversiones, 23 mandatarios provinciales alertaron sobre la grave crisis financiera que afecta a las provincias por la fuerte ca\u00edda de los fondos coparticipables, y reclamaron respuestas concretas al Gobierno Nacional para reactivar la obra p\u00fablica y garantizar un federalismo equitativo.<\/em><\/p>\n\n\n\n<figure class=\"wp-block-gallery has-nested-images columns-default is-cropped wp-block-gallery-1 is-layout-flex wp-block-gallery-is-layout-flex\">\n<figure class=\"wp-block-image size-large\"><img loading=\"lazy\" decoding=\"async\" width=\"1024\" height=\"683\" data-id=\"2581\" src=\"https:\/\/pasahoy.com.ar\/ph\/wp-content\/uploads\/2025\/06\/1000393703-1024x683.jpg\" alt=\"\" class=\"wp-image-2581\" srcset=\"https:\/\/pasahoy.com.ar\/ph\/wp-content\/uploads\/2025\/06\/1000393703-1024x683.jpg 1024w, https:\/\/pasahoy.com.ar\/ph\/wp-content\/uploads\/2025\/06\/1000393703-300x200.jpg 300w, https:\/\/pasahoy.com.ar\/ph\/wp-content\/uploads\/2025\/06\/1000393703-768x512.jpg 768w, https:\/\/pasahoy.com.ar\/ph\/wp-content\/uploads\/2025\/06\/1000393703-1536x1024.jpg 1536w, https:\/\/pasahoy.com.ar\/ph\/wp-content\/uploads\/2025\/06\/1000393703.jpg 1600w\" sizes=\"auto, (max-width: 1024px) 100vw, 1024px\" \/><\/figure>\n\n\n\n<figure class=\"wp-block-image size-large\"><img loading=\"lazy\" decoding=\"async\" width=\"1024\" height=\"683\" data-id=\"2582\" src=\"https:\/\/pasahoy.com.ar\/ph\/wp-content\/uploads\/2025\/06\/1000393704-1024x683.jpg\" alt=\"\" class=\"wp-image-2582\" srcset=\"https:\/\/pasahoy.com.ar\/ph\/wp-content\/uploads\/2025\/06\/1000393704-1024x683.jpg 1024w, https:\/\/pasahoy.com.ar\/ph\/wp-content\/uploads\/2025\/06\/1000393704-300x200.jpg 300w, https:\/\/pasahoy.com.ar\/ph\/wp-content\/uploads\/2025\/06\/1000393704-768x512.jpg 768w, https:\/\/pasahoy.com.ar\/ph\/wp-content\/uploads\/2025\/06\/1000393704-1536x1024.jpg 1536w, https:\/\/pasahoy.com.ar\/ph\/wp-content\/uploads\/2025\/06\/1000393704.jpg 1600w\" sizes=\"auto, (max-width: 1024px) 100vw, 1024px\" \/><\/figure>\n\n\n\n<figure class=\"wp-block-image size-large\"><img loading=\"lazy\" decoding=\"async\" width=\"1024\" height=\"683\" data-id=\"2583\" src=\"https:\/\/pasahoy.com.ar\/ph\/wp-content\/uploads\/2025\/06\/1000393705-1024x683.jpg\" alt=\"\" class=\"wp-image-2583\" srcset=\"https:\/\/pasahoy.com.ar\/ph\/wp-content\/uploads\/2025\/06\/1000393705-1024x683.jpg 1024w, https:\/\/pasahoy.com.ar\/ph\/wp-content\/uploads\/2025\/06\/1000393705-300x200.jpg 300w, https:\/\/pasahoy.com.ar\/ph\/wp-content\/uploads\/2025\/06\/1000393705-768x512.jpg 768w, https:\/\/pasahoy.com.ar\/ph\/wp-content\/uploads\/2025\/06\/1000393705-1536x1024.jpg 1536w, https:\/\/pasahoy.com.ar\/ph\/wp-content\/uploads\/2025\/06\/1000393705.jpg 1600w\" sizes=\"auto, (max-width: 1024px) 100vw, 1024px\" \/><\/figure>\n<\/figure>\n\n\n\n<p>En esta cumbre, que reuni\u00f3 a gobernadores de diferentes signos pol\u00edticos, se puso en evidencia la gravedad de la crisis financiera por la que atraviesan las provincias. En ese marco, el gobernador Ricardo Quintela hizo especial hincapi\u00e9 en la situaci\u00f3n de La Rioja, que en mayo registr\u00f3 una nueva ca\u00edda en los fondos coparticipables, reflejando una tendencia nacional similar en la transferencia de recursos.<br>\u00abJunto a gobernadores de distintas provincias participamos de una nueva cumbre de gobernadores en el Consejo Federal de Inversiones (CFI), convocada para abordar dos temas urgentes como la brusca ca\u00edda de la coparticipaci\u00f3n federal y el freno total de la obra p\u00fablica, especialmente la infraestructura vial\u00bb , expres\u00f3 el gobernador Ricardo Quintela en sus redes sociales tras la cumbre.<br>Asimismo, el mandatario provincial destac\u00f3 que \u201cestamos aqu\u00ed para alzar la voz en defensa de nuestras provincias porque la situaci\u00f3n es cr\u00edtica ya que la ca\u00edda de recursos golpea de forma pareja a todas las jurisdicciones y compromete la calidad de vida de millones de argentinos y argentinas\u201d.<br>En ese contexto, Quintela destac\u00f3 que esta situaci\u00f3n pone en riesgo la continuidad de obras esenciales, como la infraestructura vial, escuelas, hospitales y viviendas, afectando directamente el desarrollo regional y el bienestar social. \u201cDesde La Rioja ratificamos la voluntad de di\u00e1logo con el gobierno nacional, pero exigimos respuestas concretas y un modelo de pa\u00eds verdaderamente federal, donde las provincias no sean relegadas ni castigadas por diferencias pol\u00edticas\u201d , concluy\u00f3.<\/p>\n\n\n\n<p><em>Federalismo y distribuci\u00f3n equitativa<\/em><br>Los gobernadores presentes en el CFI coincidieron en la necesidad de establecer mecanismos que aseguren la estabilidad financiera de las provincias, con un especial pedido para que se restablezcan las transferencias adeudadas y se reactive la obra p\u00fablica, considerada fundamental para fortalecer el federalismo y garantizar una distribuci\u00f3n equitativa de los recursos.<br>En este sentido, los mandatarios provinciales resolvieron solicitar una audiencia al Poder Ejecutivo para debatir la posibilidad de impulsar una reforma fiscal, en medio de la preocupaci\u00f3n que comparten por la ca\u00edda de la coparticipaci\u00f3n federal.<br>De esta manera, la cumbre en el CFI no solo se constituy\u00f3 en un espacio para denunciar la crisis actual, sino que fue un llamado de atenci\u00f3n al Gobierno Nacional, presidido por Javier Milei, para revisar las pol\u00edticas de distribuci\u00f3n de recursos y atender los reclamos provinciales.<\/p>\n\n\n\n<p><em>Fuerte presencia<\/em><br>Asistieron de manera presencial a la cumbre en el CFI los gobernadores Ricardo Quintela (La Rioja) Sergio Zilliotto (La Pampa), Leandro Zdero (Chaco), Gerardo Zamora (Santiago del Estero), Maximiliano Pullaro (Santa Fe), Axel Kicillof (Buenos Aires), Mart\u00edn Llaryora (C\u00f3rdoba), Rogelio Frigerio (Entre R\u00edos), Carlos Sadir (Jujuy), Claudio Poggi (San Luis), Rolando Figueroa (Neuqu\u00e9n), Alberto Weretilneck (R\u00edo Negro), Ignacio Torres (Chubut), Gustavo Saenz (Salta), Marcelo Orrego (San Juan), Gustavo Melella (Tierra del Fuego) y Gildo Insfran (Formosa). De manera virtual se unieron al intercambio Ra\u00fal Jalil (Catamarca), Osvaldo Jaldo (Tucum\u00e1n), Alfredo Cornejo (Mendoza) y Hugo Passalaqcua (Misiones).<\/p>\n","protected":false},"excerpt":{"rendered":"<p>En una cumbre en el Consejo Federal de Inversiones, 23 mandatarios provinciales alertaron sobre la grave crisis financiera que afecta a las provincias por la fuerte ca\u00edda de los fondos coparticipables, y reclamaron respuestas concretas al Gobierno Nacional para reactivar la obra p\u00fablica y garantizar un federalismo equitativo. En esta cumbre, que reuni\u00f3 a gobernadores [&hellip;]<\/p>\n","protected":false},"author":3,"featured_media":2581,"comment_status":"open","ping_status":"open","sticky":false,"template":"","format":"standard","meta":{"_jetpack_memberships_contains_paid_content":false,"footnotes":""},"categories":[2],"tags":[],"class_list":["post-2580","post","type-post","status-publish","format-standard","has-post-thumbnail","hentry","category-nacional"],"jetpack_featured_media_url":"https:\/\/pasahoy.com.ar\/ph\/wp-content\/uploads\/2025\/06\/1000393703.jpg","jetpack_sharing_enabled":true,"_links":{"self":[{"href":"https:\/\/pasahoy.com.ar\/ph\/wp-json\/wp\/v2\/posts\/2580","targetHints":{"allow":["GET"]}}],"collection":[{"href":"https:\/\/pasahoy.com.ar\/ph\/wp-json\/wp\/v2\/posts"}],"about":[{"href":"https:\/\/pasahoy.com.ar\/ph\/wp-json\/wp\/v2\/types\/post"}],"author":[{"embeddable":true,"href":"https:\/\/pasahoy.com.ar\/ph\/wp-json\/wp\/v2\/users\/3"}],"replies":[{"embeddable":true,"href":"https:\/\/pasahoy.com.ar\/ph\/wp-json\/wp\/v2\/comments?post=2580"}],"version-history":[{"count":1,"href":"https:\/\/pasahoy.com.ar\/ph\/wp-json\/wp\/v2\/posts\/2580\/revisions"}],"predecessor-version":[{"id":2584,"href":"https:\/\/pasahoy.com.ar\/ph\/wp-json\/wp\/v2\/posts\/2580\/revisions\/2584"}],"wp:featuredmedia":[{"embeddable":true,"href":"https:\/\/pasahoy.com.ar\/ph\/wp-json\/wp\/v2\/media\/2581"}],"wp:attachment":[{"href":"https:\/\/pasahoy.com.ar\/ph\/wp-json\/wp\/v2\/media?parent=2580"}],"wp:term":[{"taxonomy":"category","embeddable":true,"href":"https:\/\/pasahoy.com.ar\/ph\/wp-json\/wp\/v2\/categories?post=2580"},{"taxonomy":"post_tag","embeddable":true,"href":"https:\/\/pasahoy.com.ar\/ph\/wp-json\/wp\/v2\/tags?post=2580"}],"curies":[{"name":"wp","href":"https:\/\/api.w.org\/{rel}","templated":true}]}}