{"id":2577,"date":"2025-06-04T19:25:04","date_gmt":"2025-06-04T19:25:04","guid":{"rendered":"https:\/\/pasahoy.com.ar\/ph\/?p=2577"},"modified":"2025-06-04T19:25:04","modified_gmt":"2025-06-04T19:25:04","slug":"crisis-en-el-garrahan-vergara-alerto-que-su-debilitamiento-afecta-a-todo-el-sistema-de-salud-argentino","status":"publish","type":"post","link":"https:\/\/pasahoy.com.ar\/ph\/crisis-en-el-garrahan-vergara-alerto-que-su-debilitamiento-afecta-a-todo-el-sistema-de-salud-argentino\/","title":{"rendered":"Crisis en el Garrahan: Vergara alert\u00f3 que su debilitamiento afecta a todo el sistema de salud argentino"},"content":{"rendered":"\n<p><em>El ministro de Salud de La Rioja, Juan Carlos Vergara, particip\u00f3 en la comisi\u00f3n de Diputados que dictamin\u00f3 la emergencia pedi\u00e1trica para el Hospital Garrahan y advirti\u00f3 que el desfinanciamiento del centro impacta negativamente en la salud p\u00fablica de todo el pa\u00eds.<\/em><\/p>\n\n\n\n<figure class=\"wp-block-gallery has-nested-images columns-default is-cropped wp-block-gallery-1 is-layout-flex wp-block-gallery-is-layout-flex\">\n<figure class=\"wp-block-image size-large\"><img loading=\"lazy\" decoding=\"async\" width=\"1024\" height=\"682\" data-id=\"2578\" src=\"https:\/\/pasahoy.com.ar\/ph\/wp-content\/uploads\/2025\/06\/1000395617-1024x682.jpg\" alt=\"\" class=\"wp-image-2578\" srcset=\"https:\/\/pasahoy.com.ar\/ph\/wp-content\/uploads\/2025\/06\/1000395617-1024x682.jpg 1024w, https:\/\/pasahoy.com.ar\/ph\/wp-content\/uploads\/2025\/06\/1000395617-300x200.jpg 300w, https:\/\/pasahoy.com.ar\/ph\/wp-content\/uploads\/2025\/06\/1000395617-768x512.jpg 768w, https:\/\/pasahoy.com.ar\/ph\/wp-content\/uploads\/2025\/06\/1000395617-1536x1023.jpg 1536w, https:\/\/pasahoy.com.ar\/ph\/wp-content\/uploads\/2025\/06\/1000395617.jpg 1600w\" sizes=\"auto, (max-width: 1024px) 100vw, 1024px\" \/><\/figure>\n<\/figure>\n\n\n\n<p>En el contexto de la grave crisis sanitaria que atraviesa el Hospital Juan P. Garrahan debido al desfinanciamiento del Gobierno Nacional, la comisi\u00f3n de Salud de Diputados dictamin\u00f3 este martes seis iniciativas destinadas a declarar la emergencia pedi\u00e1trica y a garantizar el sostenimiento del principal centro de atenci\u00f3n infantil del pa\u00eds.<br>El presidente de la comisi\u00f3n, diputado Pablo Yedlin (Uni\u00f3n por la Patria), anticip\u00f3 que en la pr\u00f3xima sesi\u00f3n se pedir\u00e1 a las comisiones de Presupuesto y Hacienda, y de Familia -a cargo de Jos\u00e9 Luis Espert y Roxana Reyes, respectivamente- que se expidan con urgencia para poder llevar los proyectos al recinto la pr\u00f3xima semana.<br>\u201cMa\u00f1ana es fundamental estar presentes y dar qu\u00f3rum para que el Congreso avance en una respuesta concreta\u201d, se\u00f1al\u00f3 Yedlin.<\/p>\n\n\n\n<p><em>Deterioro en la salud p\u00fablica<\/em><br>En este marco, el ministro Vergara manifest\u00f3 el apoyo de La Rioja a los trabajadores y profesionales del Hospital Garrahan, y alert\u00f3 sobre las consecuencias del retiro del Estado Nacional en materia sanitaria.<br>\u201cVemos con mucha preocupaci\u00f3n lo que est\u00e1 ocurriendo en el Garrahan, un hospital de referencia al que todas las provincias acudimos cuando nuestros pacientes requieren atenci\u00f3n de alta complejidad. Su debilitamiento es un golpe directo a todo el sistema sanitario argentino\u201d, afirm\u00f3.<br>El titular de la cartera sanitaria riojana advirti\u00f3 que esta situaci\u00f3n no es un hecho aislado, sino parte de un proceso de desfinanciamiento m\u00e1s amplio, que incluye la falta de provisi\u00f3n de medicamentos esenciales y la paralizaci\u00f3n de programas nacionales.<br>\u201cEstamos viendo c\u00f3mo se deteriora la salud p\u00fablica a nivel nacional: faltan medicamentos oncol\u00f3gicos, tratamientos para personas con HIV, y se abandonan l\u00edneas de acci\u00f3n claves. Esto afecta directamente a las provincias\u201d, sostuvo.<br>Asimismo, Vergara plante\u00f3 la urgencia de reformular el sistema sanitario argentino para avanzar hacia un modelo verdaderamente federal e integrado.<br>\u201cNos est\u00e1n llevando a tener 24 sistemas de salud distintos, uno por cada provincia. Eso fragmenta, genera desigualdad y pone en riesgo la equidad en el acceso a la atenci\u00f3n. Necesitamos un sistema unificado, articulado y solidario, que garantice derechos para todos los argentinos, sin importar su lugar de residencia\u201d, remarc\u00f3.<br>El ministro tambi\u00e9n describi\u00f3 el v\u00ednculo que mantiene La Rioja con el Hospital Garrahan: actualmente, 15 pacientes riojanos est\u00e1n siendo tratados all\u00ed gracias a las gestiones de la obra social provincial APOS y del Hospital de la Madre y el Ni\u00f1o.<br>Adem\u00e1s, inform\u00f3 que la provincia cuenta con ocho Oficinas de Comunicaci\u00f3n a Distancia, integradas por hospitales distritales que permiten consultas m\u00e9dicas y derivaciones en tiempo real a trav\u00e9s de la red nacional de telesalud.<br>Tambi\u00e9n participaron de la reuni\u00f3n los ministros de Salud de Buenos Aires, Neuqu\u00e9n y Tierra del Fuego, quienes coincidieron en denunciar el progresivo abandono de las responsabilidades sanitarias por parte del Gobierno Nacional.<\/p>\n","protected":false},"excerpt":{"rendered":"<p>El ministro de Salud de La Rioja, Juan Carlos Vergara, particip\u00f3 en la comisi\u00f3n de Diputados que dictamin\u00f3 la emergencia pedi\u00e1trica para el Hospital Garrahan y advirti\u00f3 que el desfinanciamiento del centro impacta negativamente en la salud p\u00fablica de todo el pa\u00eds. En el contexto de la grave crisis sanitaria que atraviesa el Hospital Juan [&hellip;]<\/p>\n","protected":false},"author":3,"featured_media":2578,"comment_status":"open","ping_status":"open","sticky":false,"template":"","format":"standard","meta":{"_jetpack_memberships_contains_paid_content":false,"footnotes":""},"categories":[1],"tags":[],"class_list":["post-2577","post","type-post","status-publish","format-standard","has-post-thumbnail","hentry","category-local"],"jetpack_featured_media_url":"https:\/\/pasahoy.com.ar\/ph\/wp-content\/uploads\/2025\/06\/1000395617.jpg","jetpack_sharing_enabled":true,"_links":{"self":[{"href":"https:\/\/pasahoy.com.ar\/ph\/wp-json\/wp\/v2\/posts\/2577","targetHints":{"allow":["GET"]}}],"collection":[{"href":"https:\/\/pasahoy.com.ar\/ph\/wp-json\/wp\/v2\/posts"}],"about":[{"href":"https:\/\/pasahoy.com.ar\/ph\/wp-json\/wp\/v2\/types\/post"}],"author":[{"embeddable":true,"href":"https:\/\/pasahoy.com.ar\/ph\/wp-json\/wp\/v2\/users\/3"}],"replies":[{"embeddable":true,"href":"https:\/\/pasahoy.com.ar\/ph\/wp-json\/wp\/v2\/comments?post=2577"}],"version-history":[{"count":1,"href":"https:\/\/pasahoy.com.ar\/ph\/wp-json\/wp\/v2\/posts\/2577\/revisions"}],"predecessor-version":[{"id":2579,"href":"https:\/\/pasahoy.com.ar\/ph\/wp-json\/wp\/v2\/posts\/2577\/revisions\/2579"}],"wp:featuredmedia":[{"embeddable":true,"href":"https:\/\/pasahoy.com.ar\/ph\/wp-json\/wp\/v2\/media\/2578"}],"wp:attachment":[{"href":"https:\/\/pasahoy.com.ar\/ph\/wp-json\/wp\/v2\/media?parent=2577"}],"wp:term":[{"taxonomy":"category","embeddable":true,"href":"https:\/\/pasahoy.com.ar\/ph\/wp-json\/wp\/v2\/categories?post=2577"},{"taxonomy":"post_tag","embeddable":true,"href":"https:\/\/pasahoy.com.ar\/ph\/wp-json\/wp\/v2\/tags?post=2577"}],"curies":[{"name":"wp","href":"https:\/\/api.w.org\/{rel}","templated":true}]}}