{"id":2565,"date":"2025-06-04T01:16:45","date_gmt":"2025-06-04T01:16:45","guid":{"rendered":"https:\/\/pasahoy.com.ar\/ph\/?p=2565"},"modified":"2025-06-04T01:16:58","modified_gmt":"2025-06-04T01:16:58","slug":"movil-policial-que-iba-a-un-operativo-protagonizo-un-siniestro-y-volco","status":"publish","type":"post","link":"https:\/\/pasahoy.com.ar\/ph\/movil-policial-que-iba-a-un-operativo-protagonizo-un-siniestro-y-volco\/","title":{"rendered":"M\u00f3vil policial que iba a un operativo protagoniz\u00f3 un siniestro y volc\u00f3"},"content":{"rendered":"\n<p>La camioneta pertenece al CAPE y se dirig\u00eda a un operativo en el barrio El Sembrador. En el trayecto, por F\u00e9lix de la Colina y Viamonte se produjo un siniestro vial con un autom\u00f3vil y volc\u00f3.<\/p>\n\n\n\n<p>El jefe de la polic\u00eda provincial Alberto Castillo precis\u00f3 que la unidad pertenece al CAPE y que se trasladaban ante una requisitoria de personal en un hecho que ten\u00eda lugar en el Barrio El sembrador.<\/p>\n\n\n\n<p>Al trasladarse desde la base del CAPE hasta el barrio el Sembrado, \u201cal ir por Circunvalaci\u00f3n se produce un siniestro a la altura de calle Viamonte\u201d.<br>La unidad m\u00f3vil que pertenece al CAPE se dirig\u00eda con 5 ocupantes, de los cuales uno se encuentra con lesiones en un brazo y siendo atendido en el hospital Vera Barros, seg\u00fan lo informado por el jefe policial.<\/p>\n\n\n\n<p>En tanto, en el autom\u00f3vil Toyota se trasladaban dos personas, un hombre y una mujer que fueron trasladadas al Hospital.<\/p>\n\n\n\n<p>Seg\u00fan Castillo, \u201cla unidad policial ven\u00eda con las balizas encendidas y sirenas correspondientes; el resto de los veh\u00edculos le hab\u00edan hecho paso\u201d por lo cual se desconoce si el Toyota no hab\u00eda divisado al m\u00f3vil.<\/p>\n\n\n\n<p>Cabe precisar que el veh\u00edculo particular se dirig\u00eda de este a oeste y la unidad m\u00f3vil lo hac\u00eda en sentido de oeste a este.<\/p>\n\n\n\n<figure class=\"wp-block-gallery has-nested-images columns-default is-cropped wp-block-gallery-1 is-layout-flex wp-block-gallery-is-layout-flex\">\n<figure class=\"wp-block-image size-large\"><img loading=\"lazy\" decoding=\"async\" width=\"528\" height=\"528\" data-id=\"2566\" src=\"https:\/\/pasahoy.com.ar\/ph\/wp-content\/uploads\/2025\/06\/1000393634.jpg\" alt=\"\" class=\"wp-image-2566\" srcset=\"https:\/\/pasahoy.com.ar\/ph\/wp-content\/uploads\/2025\/06\/1000393634.jpg 528w, https:\/\/pasahoy.com.ar\/ph\/wp-content\/uploads\/2025\/06\/1000393634-300x300.jpg 300w, https:\/\/pasahoy.com.ar\/ph\/wp-content\/uploads\/2025\/06\/1000393634-150x150.jpg 150w\" sizes=\"auto, (max-width: 528px) 100vw, 528px\" \/><\/figure>\n\n\n\n<figure class=\"wp-block-image size-large\"><img loading=\"lazy\" decoding=\"async\" width=\"1024\" height=\"768\" data-id=\"2568\" src=\"https:\/\/pasahoy.com.ar\/ph\/wp-content\/uploads\/2025\/06\/1000393635-1024x768.jpg\" alt=\"\" class=\"wp-image-2568\" srcset=\"https:\/\/pasahoy.com.ar\/ph\/wp-content\/uploads\/2025\/06\/1000393635-1024x768.jpg 1024w, https:\/\/pasahoy.com.ar\/ph\/wp-content\/uploads\/2025\/06\/1000393635-300x225.jpg 300w, https:\/\/pasahoy.com.ar\/ph\/wp-content\/uploads\/2025\/06\/1000393635-768x576.jpg 768w, https:\/\/pasahoy.com.ar\/ph\/wp-content\/uploads\/2025\/06\/1000393635.jpg 1080w\" sizes=\"auto, (max-width: 1024px) 100vw, 1024px\" \/><\/figure>\n\n\n\n<figure class=\"wp-block-image size-large\"><img loading=\"lazy\" decoding=\"async\" width=\"1024\" height=\"768\" data-id=\"2567\" src=\"https:\/\/pasahoy.com.ar\/ph\/wp-content\/uploads\/2025\/06\/1000393636-1024x768.jpg\" alt=\"\" class=\"wp-image-2567\" srcset=\"https:\/\/pasahoy.com.ar\/ph\/wp-content\/uploads\/2025\/06\/1000393636-1024x768.jpg 1024w, https:\/\/pasahoy.com.ar\/ph\/wp-content\/uploads\/2025\/06\/1000393636-300x225.jpg 300w, https:\/\/pasahoy.com.ar\/ph\/wp-content\/uploads\/2025\/06\/1000393636-768x576.jpg 768w, https:\/\/pasahoy.com.ar\/ph\/wp-content\/uploads\/2025\/06\/1000393636.jpg 1080w\" sizes=\"auto, (max-width: 1024px) 100vw, 1024px\" \/><\/figure>\n<\/figure>\n","protected":false},"excerpt":{"rendered":"<p>La camioneta pertenece al CAPE y se dirig\u00eda a un operativo en el barrio El Sembrador. En el trayecto, por F\u00e9lix de la Colina y Viamonte se produjo un siniestro vial con un autom\u00f3vil y volc\u00f3. El jefe de la polic\u00eda provincial Alberto Castillo precis\u00f3 que la unidad pertenece al CAPE y que se trasladaban [&hellip;]<\/p>\n","protected":false},"author":3,"featured_media":2566,"comment_status":"open","ping_status":"open","sticky":false,"template":"","format":"standard","meta":{"_jetpack_memberships_contains_paid_content":false,"footnotes":""},"categories":[9],"tags":[],"class_list":["post-2565","post","type-post","status-publish","format-standard","has-post-thumbnail","hentry","category-policial"],"jetpack_featured_media_url":"https:\/\/pasahoy.com.ar\/ph\/wp-content\/uploads\/2025\/06\/1000393634.jpg","jetpack_sharing_enabled":true,"_links":{"self":[{"href":"https:\/\/pasahoy.com.ar\/ph\/wp-json\/wp\/v2\/posts\/2565","targetHints":{"allow":["GET"]}}],"collection":[{"href":"https:\/\/pasahoy.com.ar\/ph\/wp-json\/wp\/v2\/posts"}],"about":[{"href":"https:\/\/pasahoy.com.ar\/ph\/wp-json\/wp\/v2\/types\/post"}],"author":[{"embeddable":true,"href":"https:\/\/pasahoy.com.ar\/ph\/wp-json\/wp\/v2\/users\/3"}],"replies":[{"embeddable":true,"href":"https:\/\/pasahoy.com.ar\/ph\/wp-json\/wp\/v2\/comments?post=2565"}],"version-history":[{"count":1,"href":"https:\/\/pasahoy.com.ar\/ph\/wp-json\/wp\/v2\/posts\/2565\/revisions"}],"predecessor-version":[{"id":2569,"href":"https:\/\/pasahoy.com.ar\/ph\/wp-json\/wp\/v2\/posts\/2565\/revisions\/2569"}],"wp:featuredmedia":[{"embeddable":true,"href":"https:\/\/pasahoy.com.ar\/ph\/wp-json\/wp\/v2\/media\/2566"}],"wp:attachment":[{"href":"https:\/\/pasahoy.com.ar\/ph\/wp-json\/wp\/v2\/media?parent=2565"}],"wp:term":[{"taxonomy":"category","embeddable":true,"href":"https:\/\/pasahoy.com.ar\/ph\/wp-json\/wp\/v2\/categories?post=2565"},{"taxonomy":"post_tag","embeddable":true,"href":"https:\/\/pasahoy.com.ar\/ph\/wp-json\/wp\/v2\/tags?post=2565"}],"curies":[{"name":"wp","href":"https:\/\/api.w.org\/{rel}","templated":true}]}}