{"id":2562,"date":"2025-06-04T00:33:44","date_gmt":"2025-06-04T00:33:44","guid":{"rendered":"https:\/\/pasahoy.com.ar\/ph\/?p=2562"},"modified":"2025-06-04T00:34:00","modified_gmt":"2025-06-04T00:34:00","slug":"un-hombre-tomo-de-rehen-a-un-menor-en-barrio-el-sembrador","status":"publish","type":"post","link":"https:\/\/pasahoy.com.ar\/ph\/un-hombre-tomo-de-rehen-a-un-menor-en-barrio-el-sembrador\/","title":{"rendered":"Un hombre tom\u00f3 de reh\u00e9n a un menor en barrio El Sembrador"},"content":{"rendered":"\n<p>Un operativo policial se realiz\u00f3 esta tarde en Barrio El Sembrador con un hombre que se atrincher\u00f3 en un domicilio con un ni\u00f1o de reh\u00e9n. Posteriormente tras la actuaci\u00f3n de negociadores, el hombre fue detenido y el menor se encuentra fuera de peligro.<\/p>\n\n\n\n<p>El Comisario Walter Tello y el subcomisario Fernando Videla, de Comisar\u00eda Sexta, explicaron a Medio El Independiente, que tras la intervenci\u00f3n del CAPE junto a los negociadores, lo logr\u00f3 hacer desistir al hombre de la medida<\/p>\n\n\n\n<p>El hombre se atrincher\u00f3 en una vivienda del Barrio El Sembrador, con un menor de edad de reh\u00e9n intentando escapar de la polic\u00eda. No se confirm\u00f3 si el mismo contaba con alg\u00fan tipo de arma o elemento contundente. Al activarse el protocolo y tras momentos de tensi\u00f3n con la persona encerrada en la vivienda, lograron hacerlo desistir. El hombre fue detenido y el ni\u00f1o trasladado al hospital, fuera de peligro.<\/p>\n\n\n\n<p>El Comisario Walter Tello detall\u00f3 que \u00abel menor se encuentra a resguardado del personal de Asuntos Juveniles que en este momento lo est\u00e1n haciendo examinar para continuar con las diligencias de rigor. El episodio se encuentra en investigaci\u00f3n, pero aparentemente habr\u00eda cometido un il\u00edcito y cuando llega el personal policial se atrinchera con el menor\u00bb. \u00abNo se descarta la agresi\u00f3n a la mujer, informaci\u00f3n que tambi\u00e9n es investigada, por el momento culminamos la tarea de protecci\u00f3n a las personas\u00bb se\u00f1al\u00f3. Cabe remarcar que en el lugar reside el victimario junto a su pareja y el menor de 4 a\u00f1os de edad.<\/p>\n\n\n\n<figure class=\"wp-block-gallery has-nested-images columns-default is-cropped wp-block-gallery-1 is-layout-flex wp-block-gallery-is-layout-flex\">\n<figure class=\"wp-block-image size-large\"><img loading=\"lazy\" decoding=\"async\" width=\"818\" height=\"1024\" data-id=\"2563\" src=\"https:\/\/pasahoy.com.ar\/ph\/wp-content\/uploads\/2025\/06\/1000393463-818x1024.png\" alt=\"\" class=\"wp-image-2563\" srcset=\"https:\/\/pasahoy.com.ar\/ph\/wp-content\/uploads\/2025\/06\/1000393463-818x1024.png 818w, https:\/\/pasahoy.com.ar\/ph\/wp-content\/uploads\/2025\/06\/1000393463-240x300.png 240w, https:\/\/pasahoy.com.ar\/ph\/wp-content\/uploads\/2025\/06\/1000393463-768x961.png 768w, https:\/\/pasahoy.com.ar\/ph\/wp-content\/uploads\/2025\/06\/1000393463.png 921w\" sizes=\"auto, (max-width: 818px) 100vw, 818px\" \/><\/figure>\n<\/figure>\n","protected":false},"excerpt":{"rendered":"<p>Un operativo policial se realiz\u00f3 esta tarde en Barrio El Sembrador con un hombre que se atrincher\u00f3 en un domicilio con un ni\u00f1o de reh\u00e9n. Posteriormente tras la actuaci\u00f3n de negociadores, el hombre fue detenido y el menor se encuentra fuera de peligro. El Comisario Walter Tello y el subcomisario Fernando Videla, de Comisar\u00eda Sexta, [&hellip;]<\/p>\n","protected":false},"author":3,"featured_media":2563,"comment_status":"open","ping_status":"open","sticky":false,"template":"","format":"standard","meta":{"_jetpack_memberships_contains_paid_content":false,"footnotes":""},"categories":[9],"tags":[],"class_list":["post-2562","post","type-post","status-publish","format-standard","has-post-thumbnail","hentry","category-policial"],"jetpack_featured_media_url":"https:\/\/pasahoy.com.ar\/ph\/wp-content\/uploads\/2025\/06\/1000393463.png","jetpack_sharing_enabled":true,"_links":{"self":[{"href":"https:\/\/pasahoy.com.ar\/ph\/wp-json\/wp\/v2\/posts\/2562","targetHints":{"allow":["GET"]}}],"collection":[{"href":"https:\/\/pasahoy.com.ar\/ph\/wp-json\/wp\/v2\/posts"}],"about":[{"href":"https:\/\/pasahoy.com.ar\/ph\/wp-json\/wp\/v2\/types\/post"}],"author":[{"embeddable":true,"href":"https:\/\/pasahoy.com.ar\/ph\/wp-json\/wp\/v2\/users\/3"}],"replies":[{"embeddable":true,"href":"https:\/\/pasahoy.com.ar\/ph\/wp-json\/wp\/v2\/comments?post=2562"}],"version-history":[{"count":1,"href":"https:\/\/pasahoy.com.ar\/ph\/wp-json\/wp\/v2\/posts\/2562\/revisions"}],"predecessor-version":[{"id":2564,"href":"https:\/\/pasahoy.com.ar\/ph\/wp-json\/wp\/v2\/posts\/2562\/revisions\/2564"}],"wp:featuredmedia":[{"embeddable":true,"href":"https:\/\/pasahoy.com.ar\/ph\/wp-json\/wp\/v2\/media\/2563"}],"wp:attachment":[{"href":"https:\/\/pasahoy.com.ar\/ph\/wp-json\/wp\/v2\/media?parent=2562"}],"wp:term":[{"taxonomy":"category","embeddable":true,"href":"https:\/\/pasahoy.com.ar\/ph\/wp-json\/wp\/v2\/categories?post=2562"},{"taxonomy":"post_tag","embeddable":true,"href":"https:\/\/pasahoy.com.ar\/ph\/wp-json\/wp\/v2\/tags?post=2562"}],"curies":[{"name":"wp","href":"https:\/\/api.w.org\/{rel}","templated":true}]}}