{"id":2551,"date":"2025-06-03T18:59:24","date_gmt":"2025-06-03T18:59:24","guid":{"rendered":"https:\/\/pasahoy.com.ar\/ph\/?p=2551"},"modified":"2025-06-03T18:59:36","modified_gmt":"2025-06-03T18:59:36","slug":"la-justicia-proceso-y-ordeno-prision-preventiva-de-un-joven-por-hurtar-electronicos-y-herramientas-de-un-domicilio","status":"publish","type":"post","link":"https:\/\/pasahoy.com.ar\/ph\/la-justicia-proceso-y-ordeno-prision-preventiva-de-un-joven-por-hurtar-electronicos-y-herramientas-de-un-domicilio\/","title":{"rendered":"LA JUSTICIA PROCESO Y ORDENO PRISI\u00d3N PREVENTIVA DE UN JOVEN POR HURTAR ELECTR\u00d3NICOS Y HERRAMIENTAS DE UN DOMICILIO"},"content":{"rendered":"\n<p>El Juzgado de Instrucci\u00f3n en lo Criminal y Correccional N\u00b0 3 de la Primera Circunscripci\u00f3n Judicial, con sede en la Ciudad de La Rioja, resolvi\u00f3 el procesamiento y prisi\u00f3n preventiva contra Juan Jos\u00e9 O., imputado por el delito de hurto (art\u00edculo 162 del C\u00f3digo Penal Argentino). La causa es encabezada por la jueza Dra. Mar\u00eda Eugenia Torres, con actuaci\u00f3n de la secretaria Dra. Mar\u00eda Florencia Molla.<\/p>\n\n\n\n<figure class=\"wp-block-gallery has-nested-images columns-default is-cropped wp-block-gallery-1 is-layout-flex wp-block-gallery-is-layout-flex\">\n<figure class=\"wp-block-image size-large\"><img loading=\"lazy\" decoding=\"async\" width=\"825\" height=\"548\" data-id=\"2552\" src=\"https:\/\/pasahoy.com.ar\/ph\/wp-content\/uploads\/2025\/06\/1000392153.png\" alt=\"\" class=\"wp-image-2552\" srcset=\"https:\/\/pasahoy.com.ar\/ph\/wp-content\/uploads\/2025\/06\/1000392153.png 825w, https:\/\/pasahoy.com.ar\/ph\/wp-content\/uploads\/2025\/06\/1000392153-300x199.png 300w, https:\/\/pasahoy.com.ar\/ph\/wp-content\/uploads\/2025\/06\/1000392153-768x510.png 768w\" sizes=\"auto, (max-width: 825px) 100vw, 825px\" \/><\/figure>\n<\/figure>\n\n\n\n<p>El hecho investigado ocurri\u00f3 el pasado 22 de octubre de 2024, alrededor de las 3:00 horas de la madrugada, en un domicilio ubicado en un barrio de la zona oeste, en la capital provincial. Seg\u00fan la denuncia efectuada por el damnificado, el imputado habr\u00eda ingresado al inmueble aprovechando la oscuridad de la noche y se habr\u00eda apoderado de diversos elementos de valor.<\/p>\n\n\n\n<p>De acuerdo con la reconstrucci\u00f3n de los hechos, el imputado habr\u00eda violentado una ventana con medidas de seguridad para acceder a la vivienda, de donde sustrajo un tel\u00e9fono celular Motorola modelo E13, una computadora Bangho de 14 pulgadas, y un juego de llaves combinadas. Posteriormente, el imputado habr\u00eda huido por calle en direcci\u00f3n sur-norte.<\/p>\n\n\n\n<p>Durante la investigaci\u00f3n, personal de la Comisar\u00eda Primera realiz\u00f3 tareas de inteligencia que permitieron localizar el domicilio del acusado en el barrio San Vicente. Un allanamiento efectuado el 8 de noviembre de 2024 result\u00f3 en el secuestro de uno de los elementos robados \u2014una llave combinada reconocida por la v\u00edctima\u2014 y en la detenci\u00f3n del imputado.<\/p>\n\n\n\n<p>La causa cuenta con m\u00faltiples declaraciones testimoniales y pericias realizadas por el personal de Criminal\u00edstica de la Polic\u00eda de la Provincia que permitieron acreditar la participaci\u00f3n del acusado en el hecho.<\/p>\n\n\n\n<p>Inicialmente, la causa hab\u00eda sido calificada como robo (art. 164 del C.P.), pero tras el an\u00e1lisis de las pruebas, la jueza consider\u00f3 que no qued\u00f3 debidamente acreditado el uso de fuerza en las cosas, por lo que la calificaci\u00f3n legal fue modificada a hurto (art. 162 del C.P.).<\/p>\n\n\n\n<p>En virtud de lo resuelto, la magistrada dict\u00f3 el auto de procesamiento con prisi\u00f3n preventiva para Juan Jos\u00e9 O., quien permanecer\u00e1 detenido en el Servicio Penitenciario Provincial en calidad de imputado procesado. Asimismo, se orden\u00f3 un embargo sobre sus bienes por la suma de $1.500.000 para responder a eventuales penas pecuniarias y costas del proceso.<\/p>\n\n\n\n<p>Por otra parte, se dispuso la fijaci\u00f3n de una nueva audiencia para ampliar la declaraci\u00f3n indagatoria del imputado.<\/p>\n","protected":false},"excerpt":{"rendered":"<p>El Juzgado de Instrucci\u00f3n en lo Criminal y Correccional N\u00b0 3 de la Primera Circunscripci\u00f3n Judicial, con sede en la Ciudad de La Rioja, resolvi\u00f3 el procesamiento y prisi\u00f3n preventiva contra Juan Jos\u00e9 O., imputado por el delito de hurto (art\u00edculo 162 del C\u00f3digo Penal Argentino). La causa es encabezada por la jueza Dra. Mar\u00eda [&hellip;]<\/p>\n","protected":false},"author":3,"featured_media":2552,"comment_status":"open","ping_status":"open","sticky":false,"template":"","format":"standard","meta":{"_jetpack_memberships_contains_paid_content":false,"footnotes":""},"categories":[12],"tags":[],"class_list":["post-2551","post","type-post","status-publish","format-standard","has-post-thumbnail","hentry","category-judicial"],"jetpack_featured_media_url":"https:\/\/pasahoy.com.ar\/ph\/wp-content\/uploads\/2025\/06\/1000392153.png","jetpack_sharing_enabled":true,"_links":{"self":[{"href":"https:\/\/pasahoy.com.ar\/ph\/wp-json\/wp\/v2\/posts\/2551","targetHints":{"allow":["GET"]}}],"collection":[{"href":"https:\/\/pasahoy.com.ar\/ph\/wp-json\/wp\/v2\/posts"}],"about":[{"href":"https:\/\/pasahoy.com.ar\/ph\/wp-json\/wp\/v2\/types\/post"}],"author":[{"embeddable":true,"href":"https:\/\/pasahoy.com.ar\/ph\/wp-json\/wp\/v2\/users\/3"}],"replies":[{"embeddable":true,"href":"https:\/\/pasahoy.com.ar\/ph\/wp-json\/wp\/v2\/comments?post=2551"}],"version-history":[{"count":1,"href":"https:\/\/pasahoy.com.ar\/ph\/wp-json\/wp\/v2\/posts\/2551\/revisions"}],"predecessor-version":[{"id":2553,"href":"https:\/\/pasahoy.com.ar\/ph\/wp-json\/wp\/v2\/posts\/2551\/revisions\/2553"}],"wp:featuredmedia":[{"embeddable":true,"href":"https:\/\/pasahoy.com.ar\/ph\/wp-json\/wp\/v2\/media\/2552"}],"wp:attachment":[{"href":"https:\/\/pasahoy.com.ar\/ph\/wp-json\/wp\/v2\/media?parent=2551"}],"wp:term":[{"taxonomy":"category","embeddable":true,"href":"https:\/\/pasahoy.com.ar\/ph\/wp-json\/wp\/v2\/categories?post=2551"},{"taxonomy":"post_tag","embeddable":true,"href":"https:\/\/pasahoy.com.ar\/ph\/wp-json\/wp\/v2\/tags?post=2551"}],"curies":[{"name":"wp","href":"https:\/\/api.w.org\/{rel}","templated":true}]}}