{"id":2545,"date":"2025-06-03T18:53:21","date_gmt":"2025-06-03T18:53:21","guid":{"rendered":"https:\/\/pasahoy.com.ar\/ph\/?p=2545"},"modified":"2025-06-03T18:53:46","modified_gmt":"2025-06-03T18:53:46","slug":"hamas-acuso-a-israel-por-la-muerte-de-27-personas-en-un-ataque-cerca-de-un-centro-de-ayuda-humanitaria","status":"publish","type":"post","link":"https:\/\/pasahoy.com.ar\/ph\/hamas-acuso-a-israel-por-la-muerte-de-27-personas-en-un-ataque-cerca-de-un-centro-de-ayuda-humanitaria\/","title":{"rendered":"Hamas acus\u00f3 a Israel por la muerte de 27 personas en un ataque cerca de un centro de ayuda humanitaria"},"content":{"rendered":"\n<p>Seg\u00fan el ej\u00e9rcito israel\u00ed, sus soldados abrieron fuego contra \u201csospechosos\u201d que avanzaban hacia ellos y no acataron las advertencias<\/p>\n\n\n\n<p>La Defensa Civil de Gaza, en poder de Hamas, denunci\u00f3 este martes que al menos\u00a0<strong>27 personas murieron<\/strong>\u00a0por disparos israel\u00edes cerca de un centro de reparto de ayuda humanitaria en el sur del enclave palestino. Seg\u00fan el ej\u00e9rcito israel\u00ed, sus soldados abrieron fuego contra \u201c<strong>sospechosos<\/strong>\u201d que avanzaban hacia ellos y no acataron las advertencias. <\/p>\n\n\n\n<p>El Alto Comisionado de la ONU para los Derechos Humanos,\u00a0<strong>Volker T\u00fcrk<\/strong>, calific\u00f3 estos ataques de \u201c<strong>cr\u00edmenes de guerra<\/strong>\u201d. <\/p>\n\n\n\n<p>La nueva matanza se produjo en Rafah, en el sur de Gaza, dos d\u00edas despu\u00e9s de un hecho similar ocurrido en el mismo lugar, en el que murieron 31 personas y 176 resultaron heridas, de acuerdo a los servicios de emergencia administrados por el mismo grupo isl\u00e1mico responsable del ataque del 7 de octubre de 2023 en el sur de Israel.<\/p>\n\n\n\n<h2 class=\"wp-block-heading\">Murieron tres soldados israel\u00edes en el norte de Gaza<\/h2>\n\n\n\n<p>Los rescatistas tambi\u00e9n reportaron que 19 personas murieron por ataques israel\u00edes en otras zonas del territorio. El ej\u00e9rcito israel\u00ed anunci\u00f3 por su parte la muerte de tres soldados en el norte de Gaza.<\/p>\n\n\n\n<figure class=\"wp-block-gallery has-nested-images columns-default is-cropped wp-block-gallery-1 is-layout-flex wp-block-gallery-is-layout-flex\">\n<figure class=\"wp-block-image size-large\"><img loading=\"lazy\" decoding=\"async\" width=\"941\" height=\"532\" data-id=\"2546\" src=\"https:\/\/pasahoy.com.ar\/ph\/wp-content\/uploads\/2025\/06\/1000392378.png\" alt=\"\" class=\"wp-image-2546\" srcset=\"https:\/\/pasahoy.com.ar\/ph\/wp-content\/uploads\/2025\/06\/1000392378.png 941w, https:\/\/pasahoy.com.ar\/ph\/wp-content\/uploads\/2025\/06\/1000392378-300x170.png 300w, https:\/\/pasahoy.com.ar\/ph\/wp-content\/uploads\/2025\/06\/1000392378-768x434.png 768w\" sizes=\"auto, (max-width: 941px) 100vw, 941px\" \/><\/figure>\n<\/figure>\n","protected":false},"excerpt":{"rendered":"<p>Seg\u00fan el ej\u00e9rcito israel\u00ed, sus soldados abrieron fuego contra \u201csospechosos\u201d que avanzaban hacia ellos y no acataron las advertencias La Defensa Civil de Gaza, en poder de Hamas, denunci\u00f3 este martes que al menos\u00a027 personas murieron\u00a0por disparos israel\u00edes cerca de un centro de reparto de ayuda humanitaria en el sur del enclave palestino. Seg\u00fan el [&hellip;]<\/p>\n","protected":false},"author":3,"featured_media":2546,"comment_status":"open","ping_status":"open","sticky":false,"template":"","format":"standard","meta":{"_jetpack_memberships_contains_paid_content":false,"footnotes":""},"categories":[3],"tags":[],"class_list":["post-2545","post","type-post","status-publish","format-standard","has-post-thumbnail","hentry","category-internacional"],"jetpack_featured_media_url":"https:\/\/pasahoy.com.ar\/ph\/wp-content\/uploads\/2025\/06\/1000392378.png","jetpack_sharing_enabled":true,"_links":{"self":[{"href":"https:\/\/pasahoy.com.ar\/ph\/wp-json\/wp\/v2\/posts\/2545","targetHints":{"allow":["GET"]}}],"collection":[{"href":"https:\/\/pasahoy.com.ar\/ph\/wp-json\/wp\/v2\/posts"}],"about":[{"href":"https:\/\/pasahoy.com.ar\/ph\/wp-json\/wp\/v2\/types\/post"}],"author":[{"embeddable":true,"href":"https:\/\/pasahoy.com.ar\/ph\/wp-json\/wp\/v2\/users\/3"}],"replies":[{"embeddable":true,"href":"https:\/\/pasahoy.com.ar\/ph\/wp-json\/wp\/v2\/comments?post=2545"}],"version-history":[{"count":1,"href":"https:\/\/pasahoy.com.ar\/ph\/wp-json\/wp\/v2\/posts\/2545\/revisions"}],"predecessor-version":[{"id":2547,"href":"https:\/\/pasahoy.com.ar\/ph\/wp-json\/wp\/v2\/posts\/2545\/revisions\/2547"}],"wp:featuredmedia":[{"embeddable":true,"href":"https:\/\/pasahoy.com.ar\/ph\/wp-json\/wp\/v2\/media\/2546"}],"wp:attachment":[{"href":"https:\/\/pasahoy.com.ar\/ph\/wp-json\/wp\/v2\/media?parent=2545"}],"wp:term":[{"taxonomy":"category","embeddable":true,"href":"https:\/\/pasahoy.com.ar\/ph\/wp-json\/wp\/v2\/categories?post=2545"},{"taxonomy":"post_tag","embeddable":true,"href":"https:\/\/pasahoy.com.ar\/ph\/wp-json\/wp\/v2\/tags?post=2545"}],"curies":[{"name":"wp","href":"https:\/\/api.w.org\/{rel}","templated":true}]}}