{"id":2542,"date":"2025-06-03T18:49:56","date_gmt":"2025-06-03T18:49:56","guid":{"rendered":"https:\/\/pasahoy.com.ar\/ph\/?p=2542"},"modified":"2025-06-03T18:50:09","modified_gmt":"2025-06-03T18:50:09","slug":"juana-tinelli-hablo-a-corazon-abierto-y-confirmo-su-separacion-de-camilo-castagnola-sin-rencores","status":"publish","type":"post","link":"https:\/\/pasahoy.com.ar\/ph\/juana-tinelli-hablo-a-corazon-abierto-y-confirmo-su-separacion-de-camilo-castagnola-sin-rencores\/","title":{"rendered":"Juana Tinelli habl\u00f3 a coraz\u00f3n abierto y confirm\u00f3 su separaci\u00f3n de Camilo Castagnola: \u201cSin rencores\u201d"},"content":{"rendered":"\n<p>Tras los rumores de crisis e infidelidad, la influencer dio a conocer la ruptura amorosa en un conmovedor posteo. <\/p>\n\n\n\n<p>Juana Tinelli confirm\u00f3 su separaci\u00f3n de Camilo Castagnola. Tras desmentir los rumores de crisis y las versiones de infidelidad, la influencer cont\u00f3 que le puso fin a un romance breve pero intenso. <\/p>\n\n\n\n<p>la hija de Marcelo Tinelli y Paula Robles habilit\u00f3 una caja de preguntas para que sus m\u00e1s de dos millones de seguidores le consultaran lo que quisieran. <\/p>\n\n\n\n<p><strong>\u201c\u00bfEst\u00e1s de novia?\u201c<\/strong>, le preguntaron. A lo que sin vueltas, respondi\u00f3: \u00ab<strong>No, pero toda la gente que pasa por tu vida te deja un aprendizaje. Agradezco mucho eso y sin rencores\u00bb.<\/strong> <\/p>\n\n\n\n<p>Consultada acerca de<strong>\u00a0c\u00f3mo maneja la cr\u00edtica o el hate<\/strong>, admiti\u00f3 que no es f\u00e1cil.\u00a0<strong>\u201cEs dif\u00edcil<\/strong>, no te voy a mentir. Pero mi pap\u00e1 siempre me ense\u00f1\u00f3 que respondi\u00e9ndole o d\u00e1ndole bola al hate, le est\u00e1s dando un lugar que no le pertenece. Por eso,\u00a0<strong>siempre intento de iluminar a la gente que tira amor.<\/strong>\u00a0Eso me hace bien y me llena de gratitud porque la verdad es que son muchos\u201d, asegur\u00f3.<\/p>\n\n\n\n<figure class=\"wp-block-gallery has-nested-images columns-default is-cropped wp-block-gallery-1 is-layout-flex wp-block-gallery-is-layout-flex\">\n<figure class=\"wp-block-image size-large\"><img loading=\"lazy\" decoding=\"async\" width=\"911\" height=\"534\" data-id=\"2543\" src=\"https:\/\/pasahoy.com.ar\/ph\/wp-content\/uploads\/2025\/06\/1000392370.png\" alt=\"\" class=\"wp-image-2543\" srcset=\"https:\/\/pasahoy.com.ar\/ph\/wp-content\/uploads\/2025\/06\/1000392370.png 911w, https:\/\/pasahoy.com.ar\/ph\/wp-content\/uploads\/2025\/06\/1000392370-300x176.png 300w, https:\/\/pasahoy.com.ar\/ph\/wp-content\/uploads\/2025\/06\/1000392370-768x450.png 768w\" sizes=\"auto, (max-width: 911px) 100vw, 911px\" \/><\/figure>\n<\/figure>\n","protected":false},"excerpt":{"rendered":"<p>Tras los rumores de crisis e infidelidad, la influencer dio a conocer la ruptura amorosa en un conmovedor posteo. Juana Tinelli confirm\u00f3 su separaci\u00f3n de Camilo Castagnola. Tras desmentir los rumores de crisis y las versiones de infidelidad, la influencer cont\u00f3 que le puso fin a un romance breve pero intenso. la hija de Marcelo [&hellip;]<\/p>\n","protected":false},"author":3,"featured_media":2543,"comment_status":"open","ping_status":"open","sticky":false,"template":"","format":"standard","meta":{"_jetpack_memberships_contains_paid_content":false,"footnotes":""},"categories":[5],"tags":[],"class_list":["post-2542","post","type-post","status-publish","format-standard","has-post-thumbnail","hentry","category-espectaculo"],"jetpack_featured_media_url":"https:\/\/pasahoy.com.ar\/ph\/wp-content\/uploads\/2025\/06\/1000392370.png","jetpack_sharing_enabled":true,"_links":{"self":[{"href":"https:\/\/pasahoy.com.ar\/ph\/wp-json\/wp\/v2\/posts\/2542","targetHints":{"allow":["GET"]}}],"collection":[{"href":"https:\/\/pasahoy.com.ar\/ph\/wp-json\/wp\/v2\/posts"}],"about":[{"href":"https:\/\/pasahoy.com.ar\/ph\/wp-json\/wp\/v2\/types\/post"}],"author":[{"embeddable":true,"href":"https:\/\/pasahoy.com.ar\/ph\/wp-json\/wp\/v2\/users\/3"}],"replies":[{"embeddable":true,"href":"https:\/\/pasahoy.com.ar\/ph\/wp-json\/wp\/v2\/comments?post=2542"}],"version-history":[{"count":1,"href":"https:\/\/pasahoy.com.ar\/ph\/wp-json\/wp\/v2\/posts\/2542\/revisions"}],"predecessor-version":[{"id":2544,"href":"https:\/\/pasahoy.com.ar\/ph\/wp-json\/wp\/v2\/posts\/2542\/revisions\/2544"}],"wp:featuredmedia":[{"embeddable":true,"href":"https:\/\/pasahoy.com.ar\/ph\/wp-json\/wp\/v2\/media\/2543"}],"wp:attachment":[{"href":"https:\/\/pasahoy.com.ar\/ph\/wp-json\/wp\/v2\/media?parent=2542"}],"wp:term":[{"taxonomy":"category","embeddable":true,"href":"https:\/\/pasahoy.com.ar\/ph\/wp-json\/wp\/v2\/categories?post=2542"},{"taxonomy":"post_tag","embeddable":true,"href":"https:\/\/pasahoy.com.ar\/ph\/wp-json\/wp\/v2\/tags?post=2542"}],"curies":[{"name":"wp","href":"https:\/\/api.w.org\/{rel}","templated":true}]}}