{"id":2539,"date":"2025-06-03T18:45:58","date_gmt":"2025-06-03T18:45:58","guid":{"rendered":"https:\/\/pasahoy.com.ar\/ph\/?p=2539"},"modified":"2025-06-03T18:46:10","modified_gmt":"2025-06-03T18:46:10","slug":"los-fanaticos-de-la-seleccion-argentina-agotaron-las-cabeceras-del-monumental-para-el-partido-ante-colombia","status":"publish","type":"post","link":"https:\/\/pasahoy.com.ar\/ph\/los-fanaticos-de-la-seleccion-argentina-agotaron-las-cabeceras-del-monumental-para-el-partido-ante-colombia\/","title":{"rendered":"Los fan\u00e1ticos de la Selecci\u00f3n argentina agotaron las cabeceras del Monumental para el partido ante Colombia"},"content":{"rendered":"\n<p>Los sectores S\u00edvori y Centenario ya no est\u00e1n disponibles en la plataforma de venta de los tickets. El encuentro se jugar\u00e1 el martes pr\u00f3ximo, por la 16\u00b0 fecha de las Eliminatorias Sudamericanas. <\/p>\n\n\n\n<p>La\u00a0<a href=\"https:\/\/tn.com.ar\/deportes\/2025\/05\/31\/sorpresa-en-la-seleccion-argentina-lionel-scaloni-convoco-a-un-futbolista-de-ultimo-momento\/\" target=\"_blank\" rel=\"noreferrer noopener\"><strong>Selecci\u00f3n argentina<\/strong>\u00a0<\/a>ya sac\u00f3 pasaje para el pr\u00f3ximo Mundial 2026 pero la expectativa de los fan\u00e1ticos por ver a los campeones del mundo se mantiene. El pr\u00f3ximo martes, el equipo de\u00a0<strong>Lionel Scaloni<\/strong>\u00a0recibir\u00e1 a Colombia con la vuelta al pa\u00eds de su capit\u00e1n,\u00a0<strong>Lionel Messi<\/strong>, y los hinchas respondieron con una fuerte demanda de entradas en el primer d\u00eda de venta virtual. <\/p>\n\n\n\n<p>En las primeras horas,&nbsp;<strong>los sectores S\u00edvori y Centenario<\/strong>, tanto altos como bajos,&nbsp;<strong>quedaron agotados<\/strong>. Se trata de las ubicaciones m\u00e1s econ\u00f3micas en el estadio Monumental, que ser\u00e1 escenario del partido desde las 21:00.<\/p>\n\n\n\n<p>Los fan\u00e1ticos pagaron\u00a0<strong>94.500 pesos<\/strong>\u00a0(90.000 m\u00e1s cargo por servicio) por un ticket en la parte baja de cada cabecera y\u00a0<strong>165.900<\/strong>\u00a0(158.000 m\u00e1s 7.900) por una localidad con asiento en el espacio superior. <\/p>\n\n\n\n<p>Por el momento,\u00a0<strong>se encuentran disponibles los sectores laterales<\/strong>\u00a0(altos y medios)\u00a0<strong>de las plateas Belgrano y San Mart\u00edn<\/strong>, aunque probablemente en los pr\u00f3ximos d\u00edas se liberen m\u00e1s espacios si los suscriptores del programa AFA ID no utilizan las ubicaciones que se bloquean por su derecho a reserva. <\/p>\n\n\n\n<h2 class=\"wp-block-heading\"><strong>Precios de las entradas para ver a la Selecci\u00f3n argentina vs. Colombia<\/strong><\/h2>\n\n\n\n<ul class=\"wp-block-list\">\n<li><strong>Popular:<\/strong>\u00a0$90.000 (agotado)<\/li>\n\n\n\n<li><strong>Popular menores<\/strong>: $29.000 (agotado)<\/li>\n\n\n\n<li><strong>Plateas S\u00edvori y Centenario Alta:<\/strong>\u00a0$158.000 (agotado)<\/li>\n\n\n\n<li><strong>Plateas S\u00edvori y Centenario Media:\u00a0<\/strong>$320.000<\/li>\n\n\n\n<li><strong>San Mart\u00edn y Belgrano Alta:\u00a0<\/strong>$320.000<\/li>\n\n\n\n<li><strong>San Mart\u00edn y Belgrano Baja:\u00a0<\/strong>$450.000<\/li>\n\n\n\n<li><strong>San Mart\u00edn y Belgrano Media:\u00a0<\/strong>$480.000<\/li>\n<\/ul>\n\n\n\n<figure class=\"wp-block-gallery has-nested-images columns-default is-cropped wp-block-gallery-1 is-layout-flex wp-block-gallery-is-layout-flex\">\n<figure class=\"wp-block-image size-large\"><img loading=\"lazy\" decoding=\"async\" width=\"1022\" height=\"597\" data-id=\"2540\" src=\"https:\/\/pasahoy.com.ar\/ph\/wp-content\/uploads\/2025\/06\/1000392353.png\" alt=\"\" class=\"wp-image-2540\" srcset=\"https:\/\/pasahoy.com.ar\/ph\/wp-content\/uploads\/2025\/06\/1000392353.png 1022w, https:\/\/pasahoy.com.ar\/ph\/wp-content\/uploads\/2025\/06\/1000392353-300x175.png 300w, https:\/\/pasahoy.com.ar\/ph\/wp-content\/uploads\/2025\/06\/1000392353-768x449.png 768w\" sizes=\"auto, (max-width: 1022px) 100vw, 1022px\" \/><\/figure>\n<\/figure>\n","protected":false},"excerpt":{"rendered":"<p>Los sectores S\u00edvori y Centenario ya no est\u00e1n disponibles en la plataforma de venta de los tickets. El encuentro se jugar\u00e1 el martes pr\u00f3ximo, por la 16\u00b0 fecha de las Eliminatorias Sudamericanas. La\u00a0Selecci\u00f3n argentina\u00a0ya sac\u00f3 pasaje para el pr\u00f3ximo Mundial 2026 pero la expectativa de los fan\u00e1ticos por ver a los campeones del mundo se [&hellip;]<\/p>\n","protected":false},"author":3,"featured_media":2540,"comment_status":"open","ping_status":"open","sticky":false,"template":"","format":"standard","meta":{"_jetpack_memberships_contains_paid_content":false,"footnotes":""},"categories":[4],"tags":[],"class_list":["post-2539","post","type-post","status-publish","format-standard","has-post-thumbnail","hentry","category-deporte"],"jetpack_featured_media_url":"https:\/\/pasahoy.com.ar\/ph\/wp-content\/uploads\/2025\/06\/1000392353.png","jetpack_sharing_enabled":true,"_links":{"self":[{"href":"https:\/\/pasahoy.com.ar\/ph\/wp-json\/wp\/v2\/posts\/2539","targetHints":{"allow":["GET"]}}],"collection":[{"href":"https:\/\/pasahoy.com.ar\/ph\/wp-json\/wp\/v2\/posts"}],"about":[{"href":"https:\/\/pasahoy.com.ar\/ph\/wp-json\/wp\/v2\/types\/post"}],"author":[{"embeddable":true,"href":"https:\/\/pasahoy.com.ar\/ph\/wp-json\/wp\/v2\/users\/3"}],"replies":[{"embeddable":true,"href":"https:\/\/pasahoy.com.ar\/ph\/wp-json\/wp\/v2\/comments?post=2539"}],"version-history":[{"count":1,"href":"https:\/\/pasahoy.com.ar\/ph\/wp-json\/wp\/v2\/posts\/2539\/revisions"}],"predecessor-version":[{"id":2541,"href":"https:\/\/pasahoy.com.ar\/ph\/wp-json\/wp\/v2\/posts\/2539\/revisions\/2541"}],"wp:featuredmedia":[{"embeddable":true,"href":"https:\/\/pasahoy.com.ar\/ph\/wp-json\/wp\/v2\/media\/2540"}],"wp:attachment":[{"href":"https:\/\/pasahoy.com.ar\/ph\/wp-json\/wp\/v2\/media?parent=2539"}],"wp:term":[{"taxonomy":"category","embeddable":true,"href":"https:\/\/pasahoy.com.ar\/ph\/wp-json\/wp\/v2\/categories?post=2539"},{"taxonomy":"post_tag","embeddable":true,"href":"https:\/\/pasahoy.com.ar\/ph\/wp-json\/wp\/v2\/tags?post=2539"}],"curies":[{"name":"wp","href":"https:\/\/api.w.org\/{rel}","templated":true}]}}