{"id":2536,"date":"2025-06-03T18:41:13","date_gmt":"2025-06-03T18:41:13","guid":{"rendered":"https:\/\/pasahoy.com.ar\/ph\/?p=2536"},"modified":"2025-06-03T18:41:26","modified_gmt":"2025-06-03T18:41:26","slug":"inter-de-milan-se-quedo-sin-dt-a-tres-semanas-de-enfrentar-a-river-en-el-mundial-de-clubes","status":"publish","type":"post","link":"https:\/\/pasahoy.com.ar\/ph\/inter-de-milan-se-quedo-sin-dt-a-tres-semanas-de-enfrentar-a-river-en-el-mundial-de-clubes\/","title":{"rendered":"Inter de Mil\u00e1n se qued\u00f3 sin DT a tres semanas de enfrentar a River en el Mundial de Clubes"},"content":{"rendered":"\n<p>El italiano Simone Inzaghi dej\u00f3 su cargo luego de la dura goleada del PSG en la final de la Champions League. <\/p>\n\n\n\n<p>El\u00a0<strong>Inter de Mil\u00e1n<\/strong>\u00a0se qued\u00f3 sin entrenador a solo tres semanas de enfrentarse con\u00a0<strong>River Plate<\/strong>\u00a0en el\u00a0<strong>Mundial de Clubes de la FIFA<\/strong>\u00a0en Estados Unidos. El club italiano comunic\u00f3 este martes la salida de\u00a0<strong>Simone Inzaghi<\/strong>, despu\u00e9s de la goleada 5-0 que recibi\u00f3 a manos de PSG de Francia en la final de la<a href=\"https:\/\/tn.com.ar\/deportes\/futbol\/2025\/05\/31\/psg-vs-inter-en-vivo-por-la-final-de-la-champions-league-hora-donde-ver-y-formaciones\/\" target=\"_blank\" rel=\"noreferrer noopener\"><strong>Champions League<\/strong><\/a>. <\/p>\n\n\n\n<p>Inter anunci\u00f3 la noticia mediante un comunicado en el que destaca que la decisi\u00f3n fue tomada de com\u00fan acuerdo tras una reciente. \u201c<strong>Los caminos del club y de Simone Inzaghi se separan<\/strong>\u201d, expres\u00f3 el club en el que Inzaghi se desempe\u00f1\u00f3 las \u00faltimas cuatro temporadas.<\/p>\n\n\n\n<h2 class=\"wp-block-heading\"><strong>Un legado de t\u00edtulos y finales<\/strong><\/h2>\n\n\n\n<p>Durante su tiempo en el Inter, Inzaghi logr\u00f3 conquistar el&nbsp;<strong>Scudetto<\/strong>&nbsp;en 2024, adem\u00e1s de dos Copas Italia y tres Supercopas de Italia. Tambi\u00e9n llev\u00f3 al equipo a dos finales de la&nbsp;<strong>Liga de Campeones<\/strong>, aunque ambas fueron derrotas ante el&nbsp;<strong>Manchester City<\/strong>&nbsp;y el&nbsp;<strong>PSG<\/strong>.<\/p>\n\n\n\n<figure class=\"wp-block-gallery has-nested-images columns-default is-cropped wp-block-gallery-1 is-layout-flex wp-block-gallery-is-layout-flex\">\n<figure class=\"wp-block-image size-large\"><img loading=\"lazy\" decoding=\"async\" width=\"888\" height=\"528\" data-id=\"2537\" src=\"https:\/\/pasahoy.com.ar\/ph\/wp-content\/uploads\/2025\/06\/1000392352.png\" alt=\"\" class=\"wp-image-2537\" srcset=\"https:\/\/pasahoy.com.ar\/ph\/wp-content\/uploads\/2025\/06\/1000392352.png 888w, https:\/\/pasahoy.com.ar\/ph\/wp-content\/uploads\/2025\/06\/1000392352-300x178.png 300w, https:\/\/pasahoy.com.ar\/ph\/wp-content\/uploads\/2025\/06\/1000392352-768x457.png 768w\" sizes=\"auto, (max-width: 888px) 100vw, 888px\" \/><\/figure>\n<\/figure>\n","protected":false},"excerpt":{"rendered":"<p>El italiano Simone Inzaghi dej\u00f3 su cargo luego de la dura goleada del PSG en la final de la Champions League. El\u00a0Inter de Mil\u00e1n\u00a0se qued\u00f3 sin entrenador a solo tres semanas de enfrentarse con\u00a0River Plate\u00a0en el\u00a0Mundial de Clubes de la FIFA\u00a0en Estados Unidos. El club italiano comunic\u00f3 este martes la salida de\u00a0Simone Inzaghi, despu\u00e9s de [&hellip;]<\/p>\n","protected":false},"author":3,"featured_media":2537,"comment_status":"open","ping_status":"open","sticky":false,"template":"","format":"standard","meta":{"_jetpack_memberships_contains_paid_content":false,"footnotes":""},"categories":[4],"tags":[],"class_list":["post-2536","post","type-post","status-publish","format-standard","has-post-thumbnail","hentry","category-deporte"],"jetpack_featured_media_url":"https:\/\/pasahoy.com.ar\/ph\/wp-content\/uploads\/2025\/06\/1000392352.png","jetpack_sharing_enabled":true,"_links":{"self":[{"href":"https:\/\/pasahoy.com.ar\/ph\/wp-json\/wp\/v2\/posts\/2536","targetHints":{"allow":["GET"]}}],"collection":[{"href":"https:\/\/pasahoy.com.ar\/ph\/wp-json\/wp\/v2\/posts"}],"about":[{"href":"https:\/\/pasahoy.com.ar\/ph\/wp-json\/wp\/v2\/types\/post"}],"author":[{"embeddable":true,"href":"https:\/\/pasahoy.com.ar\/ph\/wp-json\/wp\/v2\/users\/3"}],"replies":[{"embeddable":true,"href":"https:\/\/pasahoy.com.ar\/ph\/wp-json\/wp\/v2\/comments?post=2536"}],"version-history":[{"count":1,"href":"https:\/\/pasahoy.com.ar\/ph\/wp-json\/wp\/v2\/posts\/2536\/revisions"}],"predecessor-version":[{"id":2538,"href":"https:\/\/pasahoy.com.ar\/ph\/wp-json\/wp\/v2\/posts\/2536\/revisions\/2538"}],"wp:featuredmedia":[{"embeddable":true,"href":"https:\/\/pasahoy.com.ar\/ph\/wp-json\/wp\/v2\/media\/2537"}],"wp:attachment":[{"href":"https:\/\/pasahoy.com.ar\/ph\/wp-json\/wp\/v2\/media?parent=2536"}],"wp:term":[{"taxonomy":"category","embeddable":true,"href":"https:\/\/pasahoy.com.ar\/ph\/wp-json\/wp\/v2\/categories?post=2536"},{"taxonomy":"post_tag","embeddable":true,"href":"https:\/\/pasahoy.com.ar\/ph\/wp-json\/wp\/v2\/tags?post=2536"}],"curies":[{"name":"wp","href":"https:\/\/api.w.org\/{rel}","templated":true}]}}