{"id":2526,"date":"2025-06-03T18:25:03","date_gmt":"2025-06-03T18:25:03","guid":{"rendered":"https:\/\/pasahoy.com.ar\/ph\/?p=2526"},"modified":"2025-06-03T18:25:03","modified_gmt":"2025-06-03T18:25:03","slug":"reuniones-con-los-trabajadores-de-salud-para-visibilizar-el-malestar-y-la-problematica-en-salud","status":"publish","type":"post","link":"https:\/\/pasahoy.com.ar\/ph\/reuniones-con-los-trabajadores-de-salud-para-visibilizar-el-malestar-y-la-problematica-en-salud\/","title":{"rendered":"REUNIONES CON LOS TRABAJADORES DE SALUD PARA VISIBILIZAR EL MALESTAR Y LA PROBLEM\u00c1TICA EN SALUD."},"content":{"rendered":"\n<p>La semana pasada AProSLaR instal\u00f3 una carpa en la puerta del hospital Vera Barros para conversar con los trabajadores de la salud, visitar los diferentes servicios del nosocomio y hablar sobre la situaci\u00f3n sanitaria y las reivindicaciones del sector, defendiendo la salud p\u00fablica. Son momentos muy dif\u00edciles para la sanidad en la argentina y en la provincia. Vemos como se cierran programas de salud importantes para la comunidad, y como los salarios de los trabajadores quedan muy por debajo de la inflaci\u00f3n. Hemos presentado hace varias semanas unas exigencias al ministerio de salud sobre aumento salarial y pase a planta del personal precarizado. Todav\u00eda no tenemos respuestas del ministro, pero tambi\u00e9n dejamos marcado que no queremos aumentos del 1 % que exige el gobierno nacional, sino incrementos m\u00e1s sustanciales y en blanco. Tampoco que haya cesant\u00edas en el personal precarizado, y que mejoren sus condiciones laborales.<br>Por este motivo recorrimos servicios del hospital, intercambiando opiniones; as\u00ec visitamos dependencias como adolescencia, psicolog\u00eca, legal, odontolog\u00eca, salud mental y trabajadores en general. Sabemos la complicada situaci\u00f3n econ\u00f3mica que tiene la provincia y el pa\u00eds, pero este ajuste salvaje no debe pasar por los trabajadores. Tampoco se debe destruir la salud p\u00fablica, que fue un orgullo de los argentinos. Nuestra solidaridad con los trabajadores del hospital Posadas, el Bonaparte y el Garrahan por los momentos dif\u00edciles que est\u00e1n pasando.<br>POR AUMENTO SALARIAL SUSTANCIAL, Y EN BLANCO.<br>POR PASE A PLANTA DEL PERSONAL PRECARIZADO.<br>EN DEFENSA DE LA SALUD P\u00daBLICA.<\/p>\n\n\n\n<pre class=\"wp-block-code\"><code>         <\/code><\/pre>\n\n\n\n<figure class=\"wp-block-gallery has-nested-images columns-default is-cropped wp-block-gallery-1 is-layout-flex wp-block-gallery-is-layout-flex\">\n<figure class=\"wp-block-image size-large\"><img loading=\"lazy\" decoding=\"async\" width=\"768\" height=\"1024\" data-id=\"2527\" src=\"https:\/\/pasahoy.com.ar\/ph\/wp-content\/uploads\/2025\/06\/1000392300-768x1024.jpg\" alt=\"\" class=\"wp-image-2527\" srcset=\"https:\/\/pasahoy.com.ar\/ph\/wp-content\/uploads\/2025\/06\/1000392300-768x1024.jpg 768w, https:\/\/pasahoy.com.ar\/ph\/wp-content\/uploads\/2025\/06\/1000392300-225x300.jpg 225w, https:\/\/pasahoy.com.ar\/ph\/wp-content\/uploads\/2025\/06\/1000392300-1152x1536.jpg 1152w, https:\/\/pasahoy.com.ar\/ph\/wp-content\/uploads\/2025\/06\/1000392300.jpg 1200w\" sizes=\"auto, (max-width: 768px) 100vw, 768px\" \/><\/figure>\n<\/figure>\n","protected":false},"excerpt":{"rendered":"<p>La semana pasada AProSLaR instal\u00f3 una carpa en la puerta del hospital Vera Barros para conversar con los trabajadores de la salud, visitar los diferentes servicios del nosocomio y hablar sobre la situaci\u00f3n sanitaria y las reivindicaciones del sector, defendiendo la salud p\u00fablica. Son momentos muy dif\u00edciles para la sanidad en la argentina y en [&hellip;]<\/p>\n","protected":false},"author":3,"featured_media":2527,"comment_status":"open","ping_status":"open","sticky":false,"template":"","format":"standard","meta":{"_jetpack_memberships_contains_paid_content":false,"footnotes":""},"categories":[1],"tags":[],"class_list":["post-2526","post","type-post","status-publish","format-standard","has-post-thumbnail","hentry","category-local"],"jetpack_featured_media_url":"https:\/\/pasahoy.com.ar\/ph\/wp-content\/uploads\/2025\/06\/1000392300.jpg","jetpack_sharing_enabled":true,"_links":{"self":[{"href":"https:\/\/pasahoy.com.ar\/ph\/wp-json\/wp\/v2\/posts\/2526","targetHints":{"allow":["GET"]}}],"collection":[{"href":"https:\/\/pasahoy.com.ar\/ph\/wp-json\/wp\/v2\/posts"}],"about":[{"href":"https:\/\/pasahoy.com.ar\/ph\/wp-json\/wp\/v2\/types\/post"}],"author":[{"embeddable":true,"href":"https:\/\/pasahoy.com.ar\/ph\/wp-json\/wp\/v2\/users\/3"}],"replies":[{"embeddable":true,"href":"https:\/\/pasahoy.com.ar\/ph\/wp-json\/wp\/v2\/comments?post=2526"}],"version-history":[{"count":1,"href":"https:\/\/pasahoy.com.ar\/ph\/wp-json\/wp\/v2\/posts\/2526\/revisions"}],"predecessor-version":[{"id":2528,"href":"https:\/\/pasahoy.com.ar\/ph\/wp-json\/wp\/v2\/posts\/2526\/revisions\/2528"}],"wp:featuredmedia":[{"embeddable":true,"href":"https:\/\/pasahoy.com.ar\/ph\/wp-json\/wp\/v2\/media\/2527"}],"wp:attachment":[{"href":"https:\/\/pasahoy.com.ar\/ph\/wp-json\/wp\/v2\/media?parent=2526"}],"wp:term":[{"taxonomy":"category","embeddable":true,"href":"https:\/\/pasahoy.com.ar\/ph\/wp-json\/wp\/v2\/categories?post=2526"},{"taxonomy":"post_tag","embeddable":true,"href":"https:\/\/pasahoy.com.ar\/ph\/wp-json\/wp\/v2\/tags?post=2526"}],"curies":[{"name":"wp","href":"https:\/\/api.w.org\/{rel}","templated":true}]}}