{"id":2522,"date":"2025-06-03T01:08:08","date_gmt":"2025-06-03T01:08:08","guid":{"rendered":"https:\/\/pasahoy.com.ar\/ph\/?p=2522"},"modified":"2025-06-03T01:08:23","modified_gmt":"2025-06-03T01:08:23","slug":"cristina-kirchner-confirmo-que-sera-candidata-en-la-provincia-de-buenos-aires","status":"publish","type":"post","link":"https:\/\/pasahoy.com.ar\/ph\/cristina-kirchner-confirmo-que-sera-candidata-en-la-provincia-de-buenos-aires\/","title":{"rendered":"Cristina Kirchner confirm\u00f3 que ser\u00e1 candidata en la provincia de Buenos Aires"},"content":{"rendered":"\n<p>La expresidenta anunci\u00f3 que competir\u00e1 en la tercera secci\u00f3n electoral y explic\u00f3 que su decisi\u00f3n responde a una necesidad pol\u00edtica del peronismo. <\/p>\n\n\n\n<p><strong>Cristina Kirchner<\/strong>\u00a0confirm\u00f3 que ser\u00e1\u00a0<strong><a href=\"https:\/\/elintransigente.com\/tag\/candidata\/\">candidata<\/a>\u00a0en la provincia de\u00a0<a href=\"https:\/\/elintransigente.com\/tag\/buenos-aires\/\">Buenos Aires<\/a><\/strong>, espec\u00edficamente en la\u00a0<strong>tercera secci\u00f3n electoral<\/strong>, uno de los bastiones hist\u00f3ricos del peronismo. La exmandataria lo dijo durante una charla con Gustavo Sylvestre en el programa\u00a0<em>Minuto Uno<\/em>, donde tambi\u00e9n explic\u00f3 que su decisi\u00f3n ya estaba tomada y hab\u00eda sido conversada previamente en varias reuniones con dirigentes.<\/p>\n\n\n\n<p>\u201cS\u00ed, va a ser candidata, va a ser candidata, va a ser candidata\u201d, repiti\u00f3 en vivo, marcando con \u00e9nfasis su respuesta. A\u00f1adi\u00f3 que quienes dudaban no estaban informados o no quer\u00edan creerlo. \u201c\u00bfA qui\u00e9n le hab\u00eda dicho que no?\u201d, lanz\u00f3, dejando claro que su candidatura no era una sorpresa puertas adentro del peronismo.<\/p>\n\n\n\n<figure class=\"wp-block-gallery has-nested-images columns-default is-cropped wp-block-gallery-1 is-layout-flex wp-block-gallery-is-layout-flex\">\n<figure class=\"wp-block-image size-large\"><img loading=\"lazy\" decoding=\"async\" width=\"1024\" height=\"576\" data-id=\"2523\" src=\"https:\/\/pasahoy.com.ar\/ph\/wp-content\/uploads\/2025\/06\/1000390683-1024x576.jpg\" alt=\"\" class=\"wp-image-2523\" srcset=\"https:\/\/pasahoy.com.ar\/ph\/wp-content\/uploads\/2025\/06\/1000390683-1024x576.jpg 1024w, https:\/\/pasahoy.com.ar\/ph\/wp-content\/uploads\/2025\/06\/1000390683-300x169.jpg 300w, https:\/\/pasahoy.com.ar\/ph\/wp-content\/uploads\/2025\/06\/1000390683-768x432.jpg 768w, https:\/\/pasahoy.com.ar\/ph\/wp-content\/uploads\/2025\/06\/1000390683.jpg 1280w\" sizes=\"auto, (max-width: 1024px) 100vw, 1024px\" \/><\/figure>\n<\/figure>\n","protected":false},"excerpt":{"rendered":"<p>La expresidenta anunci\u00f3 que competir\u00e1 en la tercera secci\u00f3n electoral y explic\u00f3 que su decisi\u00f3n responde a una necesidad pol\u00edtica del peronismo. Cristina Kirchner\u00a0confirm\u00f3 que ser\u00e1\u00a0candidata\u00a0en la provincia de\u00a0Buenos Aires, espec\u00edficamente en la\u00a0tercera secci\u00f3n electoral, uno de los bastiones hist\u00f3ricos del peronismo. La exmandataria lo dijo durante una charla con Gustavo Sylvestre en el programa\u00a0Minuto [&hellip;]<\/p>\n","protected":false},"author":3,"featured_media":2523,"comment_status":"open","ping_status":"open","sticky":false,"template":"","format":"standard","meta":{"_jetpack_memberships_contains_paid_content":false,"footnotes":""},"categories":[2],"tags":[],"class_list":["post-2522","post","type-post","status-publish","format-standard","has-post-thumbnail","hentry","category-nacional"],"jetpack_featured_media_url":"https:\/\/pasahoy.com.ar\/ph\/wp-content\/uploads\/2025\/06\/1000390683.jpg","jetpack_sharing_enabled":true,"_links":{"self":[{"href":"https:\/\/pasahoy.com.ar\/ph\/wp-json\/wp\/v2\/posts\/2522","targetHints":{"allow":["GET"]}}],"collection":[{"href":"https:\/\/pasahoy.com.ar\/ph\/wp-json\/wp\/v2\/posts"}],"about":[{"href":"https:\/\/pasahoy.com.ar\/ph\/wp-json\/wp\/v2\/types\/post"}],"author":[{"embeddable":true,"href":"https:\/\/pasahoy.com.ar\/ph\/wp-json\/wp\/v2\/users\/3"}],"replies":[{"embeddable":true,"href":"https:\/\/pasahoy.com.ar\/ph\/wp-json\/wp\/v2\/comments?post=2522"}],"version-history":[{"count":1,"href":"https:\/\/pasahoy.com.ar\/ph\/wp-json\/wp\/v2\/posts\/2522\/revisions"}],"predecessor-version":[{"id":2524,"href":"https:\/\/pasahoy.com.ar\/ph\/wp-json\/wp\/v2\/posts\/2522\/revisions\/2524"}],"wp:featuredmedia":[{"embeddable":true,"href":"https:\/\/pasahoy.com.ar\/ph\/wp-json\/wp\/v2\/media\/2523"}],"wp:attachment":[{"href":"https:\/\/pasahoy.com.ar\/ph\/wp-json\/wp\/v2\/media?parent=2522"}],"wp:term":[{"taxonomy":"category","embeddable":true,"href":"https:\/\/pasahoy.com.ar\/ph\/wp-json\/wp\/v2\/categories?post=2522"},{"taxonomy":"post_tag","embeddable":true,"href":"https:\/\/pasahoy.com.ar\/ph\/wp-json\/wp\/v2\/tags?post=2522"}],"curies":[{"name":"wp","href":"https:\/\/api.w.org\/{rel}","templated":true}]}}