{"id":2519,"date":"2025-06-03T00:55:08","date_gmt":"2025-06-03T00:55:08","guid":{"rendered":"https:\/\/pasahoy.com.ar\/ph\/?p=2519"},"modified":"2025-06-03T00:55:23","modified_gmt":"2025-06-03T00:55:23","slug":"menem-acuso-a-la-oposicion-de-intentar-romper-el-equilibrio-fiscal-por-pedir-un-aumento-de-jubilaciones","status":"publish","type":"post","link":"https:\/\/pasahoy.com.ar\/ph\/menem-acuso-a-la-oposicion-de-intentar-romper-el-equilibrio-fiscal-por-pedir-un-aumento-de-jubilaciones\/","title":{"rendered":"MENEM ACUS\u00d3 A LA OPOSICI\u00d3N DE \u00abINTENTAR ROMPER EL EQUILIBRIO FISCAL\u00bb POR PEDIR UN AUMENTO DE JUBILACIONES"},"content":{"rendered":"\n<p>El presidente de la C\u00e1mara de Diputados, Mart\u00edn Menem, expres\u00f3 su oposici\u00f3n a la sesi\u00f3n especial propuesta por varios bloques opositores para discutir un aumento en las jubilaciones y las prestaciones por discapacidad. La sesi\u00f3n, prevista para el pr\u00f3ximo mi\u00e9rcoles, busca abordar un incremento del 7,2% en las jubilaciones, la actualizaci\u00f3n del bono para adultos mayores con haber m\u00ednimo y la revisi\u00f3n de las prestaciones para personas con discapacidad.<\/p>\n\n\n\n<p>Menem argument\u00f3 que esta propuesta tendr\u00eda un costo fiscal significativo, superior a los 12.000 millones de d\u00f3lares, lo que equivale al 1,8% del Producto Bruto Interno (PBI). En su opini\u00f3n, esto podr\u00eda afectar negativamente el equilibrio fiscal logrado por el Gobierno Nacional. Critic\u00f3 a los opositores por \u00abintentar romper el equilibrio fiscal\u00bb y cuestion\u00f3 la pr\u00f3rroga de la moratoria previsional y las nuevas f\u00f3rmulas de c\u00e1lculo propuestas.<\/p>\n\n\n\n<p>Adem\u00e1s, Menem expres\u00f3 su preocupaci\u00f3n por la declaraci\u00f3n de emergencia en discapacidad, sugiriendo que esta medida podr\u00eda beneficiar m\u00e1s a los prestadores que a los destinatarios reales. En su opini\u00f3n, estas iniciativas buscan hacer retroceder el rumbo fijado por el Gobierno Nacional y que la poblaci\u00f3n ha ratificado en recientes elecciones locales.<\/p>\n\n\n\n<p>Finalmente, Menem inst\u00f3 a no caer en \u00abla trampa de quienes se empe\u00f1an en que el gobierno fracase, con el \u00fanico objetivo de volver al poder y sostener sus privilegios\u00bb. En este sentido, parece claro que la discusi\u00f3n sobre el aumento en las jubilaciones y las prestaciones por discapacidad ser\u00e1 un tema de gran debate en la C\u00e1mara de Diputados.<\/p>\n\n\n\n<figure class=\"wp-block-gallery has-nested-images columns-default is-cropped wp-block-gallery-1 is-layout-flex wp-block-gallery-is-layout-flex\">\n<figure class=\"wp-block-image size-large\"><img loading=\"lazy\" decoding=\"async\" width=\"600\" height=\"600\" data-id=\"2520\" src=\"https:\/\/pasahoy.com.ar\/ph\/wp-content\/uploads\/2025\/06\/1000390663.jpg\" alt=\"\" class=\"wp-image-2520\" srcset=\"https:\/\/pasahoy.com.ar\/ph\/wp-content\/uploads\/2025\/06\/1000390663.jpg 600w, https:\/\/pasahoy.com.ar\/ph\/wp-content\/uploads\/2025\/06\/1000390663-300x300.jpg 300w, https:\/\/pasahoy.com.ar\/ph\/wp-content\/uploads\/2025\/06\/1000390663-150x150.jpg 150w\" sizes=\"auto, (max-width: 600px) 100vw, 600px\" \/><\/figure>\n<\/figure>\n","protected":false},"excerpt":{"rendered":"<p>El presidente de la C\u00e1mara de Diputados, Mart\u00edn Menem, expres\u00f3 su oposici\u00f3n a la sesi\u00f3n especial propuesta por varios bloques opositores para discutir un aumento en las jubilaciones y las prestaciones por discapacidad. La sesi\u00f3n, prevista para el pr\u00f3ximo mi\u00e9rcoles, busca abordar un incremento del 7,2% en las jubilaciones, la actualizaci\u00f3n del bono para adultos [&hellip;]<\/p>\n","protected":false},"author":3,"featured_media":2520,"comment_status":"open","ping_status":"open","sticky":false,"template":"","format":"standard","meta":{"_jetpack_memberships_contains_paid_content":false,"footnotes":""},"categories":[2],"tags":[],"class_list":["post-2519","post","type-post","status-publish","format-standard","has-post-thumbnail","hentry","category-nacional"],"jetpack_featured_media_url":"https:\/\/pasahoy.com.ar\/ph\/wp-content\/uploads\/2025\/06\/1000390663.jpg","jetpack_sharing_enabled":true,"_links":{"self":[{"href":"https:\/\/pasahoy.com.ar\/ph\/wp-json\/wp\/v2\/posts\/2519","targetHints":{"allow":["GET"]}}],"collection":[{"href":"https:\/\/pasahoy.com.ar\/ph\/wp-json\/wp\/v2\/posts"}],"about":[{"href":"https:\/\/pasahoy.com.ar\/ph\/wp-json\/wp\/v2\/types\/post"}],"author":[{"embeddable":true,"href":"https:\/\/pasahoy.com.ar\/ph\/wp-json\/wp\/v2\/users\/3"}],"replies":[{"embeddable":true,"href":"https:\/\/pasahoy.com.ar\/ph\/wp-json\/wp\/v2\/comments?post=2519"}],"version-history":[{"count":1,"href":"https:\/\/pasahoy.com.ar\/ph\/wp-json\/wp\/v2\/posts\/2519\/revisions"}],"predecessor-version":[{"id":2521,"href":"https:\/\/pasahoy.com.ar\/ph\/wp-json\/wp\/v2\/posts\/2519\/revisions\/2521"}],"wp:featuredmedia":[{"embeddable":true,"href":"https:\/\/pasahoy.com.ar\/ph\/wp-json\/wp\/v2\/media\/2520"}],"wp:attachment":[{"href":"https:\/\/pasahoy.com.ar\/ph\/wp-json\/wp\/v2\/media?parent=2519"}],"wp:term":[{"taxonomy":"category","embeddable":true,"href":"https:\/\/pasahoy.com.ar\/ph\/wp-json\/wp\/v2\/categories?post=2519"},{"taxonomy":"post_tag","embeddable":true,"href":"https:\/\/pasahoy.com.ar\/ph\/wp-json\/wp\/v2\/tags?post=2519"}],"curies":[{"name":"wp","href":"https:\/\/api.w.org\/{rel}","templated":true}]}}