{"id":2512,"date":"2025-06-02T18:08:52","date_gmt":"2025-06-02T18:08:52","guid":{"rendered":"https:\/\/pasahoy.com.ar\/ph\/?p=2512"},"modified":"2025-06-02T18:09:08","modified_gmt":"2025-06-02T18:09:08","slug":"identificaron-al-autor-del-atentado-terrorista-en-colorado-la-frase-que-grito-antes-del-ataque","status":"publish","type":"post","link":"https:\/\/pasahoy.com.ar\/ph\/identificaron-al-autor-del-atentado-terrorista-en-colorado-la-frase-que-grito-antes-del-ataque\/","title":{"rendered":"Identificaron al autor del atentado terrorista en Colorado: la frase que grit\u00f3 antes del ataque"},"content":{"rendered":"\n<p>Se trata de un hombre de 45 a\u00f1os que prendi\u00f3 fuego a varias personas durante una movilizaci\u00f3n a favor de Israel. Hay al menos seis heridos. <\/p>\n\n\n\n<p>Las autoridades de Estados Unidos ya\u00a0<strong>identificaron al autor\u00a0<\/strong>del\u00a0<a href=\"https:\/\/tn.com.ar\/internacional\/2025\/06\/01\/posible-atentado-terrorista-varias-personas-fueron-prendidas-fuego-durante-una-marcha-pro-israel-en-colorado\/\" target=\"_blank\" rel=\"noreferrer noopener\">atentado terrorista\u00a0<\/a>que ocurri\u00f3 este domingo en una marcha a favor de Israel en la ciudad de Bouilder, Colorado. <\/p>\n\n\n\n<p>El FBI identific\u00f3 al responsable como Mohamed Sabry Soliman, un hombre de 45 a\u00f1os que utiliz\u00f3 bombas molotov para arremeter contra un grupo de personas que se hab\u00edan reunido para llevar adelante el homenaje.<\/p>\n\n\n\n<p>El agente especial del FBI Mark Michalek inform\u00f3 en una rueda de prensa que Soliman grit\u00f3 \u201c\u00a1Palestina libre! Antes de lanzar las bombas.El agresor tambi\u00e9n result\u00f3 herido y fue trasladado a un hospital para recibir atenci\u00f3n m\u00e9dica. Las autoridades no detallaron la naturaleza de sus lesiones. <\/p>\n\n\n\n<p>A su vez,\u00a0<strong>otras seis personas resultaron gravemente heridas\u00a0<\/strong>por el brutal ataque. Todas tienen entre 67 y 88 a\u00f1os, y la gran mayor\u00eda sufri\u00f3 quemaduras de diferentes grados. <\/p>\n\n\n\n<p>Si bien no se entregaron mayores detalles sobre el agresor, el subjefe de gabinete de la Casa Blanca, Stephen Miller, dijo en la red social X (exTwitter) que el hombre era&nbsp;<strong>un ciudadano extranjero que \u201csobrepas\u00f3 ilegalmente (el plazo de) su visado\u201d<\/strong>.<\/p>\n\n\n\n<p>Un video tomado desde el lugar del incidente mostraba a un testigo gritando:&nbsp;<strong>\u201cEst\u00e1 justo ah\u00ed. Est\u00e1 lanzando c\u00f3cteles Molotov\u201d,<\/strong>&nbsp;mientras un polic\u00eda avanzaba con su arma desenfundada hacia un sospechoso que llevaba el torso desnudo y recipientes en cada mano.<\/p>\n\n\n\n<figure class=\"wp-block-gallery has-nested-images columns-default is-cropped wp-block-gallery-1 is-layout-flex wp-block-gallery-is-layout-flex\">\n<figure class=\"wp-block-image size-large\"><img loading=\"lazy\" decoding=\"async\" width=\"799\" height=\"534\" data-id=\"2513\" src=\"https:\/\/pasahoy.com.ar\/ph\/wp-content\/uploads\/2025\/06\/1000389694.png\" alt=\"\" class=\"wp-image-2513\" srcset=\"https:\/\/pasahoy.com.ar\/ph\/wp-content\/uploads\/2025\/06\/1000389694.png 799w, https:\/\/pasahoy.com.ar\/ph\/wp-content\/uploads\/2025\/06\/1000389694-300x201.png 300w, https:\/\/pasahoy.com.ar\/ph\/wp-content\/uploads\/2025\/06\/1000389694-768x513.png 768w\" sizes=\"auto, (max-width: 799px) 100vw, 799px\" \/><\/figure>\n<\/figure>\n","protected":false},"excerpt":{"rendered":"<p>Se trata de un hombre de 45 a\u00f1os que prendi\u00f3 fuego a varias personas durante una movilizaci\u00f3n a favor de Israel. Hay al menos seis heridos. Las autoridades de Estados Unidos ya\u00a0identificaron al autor\u00a0del\u00a0atentado terrorista\u00a0que ocurri\u00f3 este domingo en una marcha a favor de Israel en la ciudad de Bouilder, Colorado. El FBI identific\u00f3 al [&hellip;]<\/p>\n","protected":false},"author":3,"featured_media":2513,"comment_status":"open","ping_status":"open","sticky":false,"template":"","format":"standard","meta":{"_jetpack_memberships_contains_paid_content":false,"footnotes":""},"categories":[3],"tags":[],"class_list":["post-2512","post","type-post","status-publish","format-standard","has-post-thumbnail","hentry","category-internacional"],"jetpack_featured_media_url":"https:\/\/pasahoy.com.ar\/ph\/wp-content\/uploads\/2025\/06\/1000389694.png","jetpack_sharing_enabled":true,"_links":{"self":[{"href":"https:\/\/pasahoy.com.ar\/ph\/wp-json\/wp\/v2\/posts\/2512","targetHints":{"allow":["GET"]}}],"collection":[{"href":"https:\/\/pasahoy.com.ar\/ph\/wp-json\/wp\/v2\/posts"}],"about":[{"href":"https:\/\/pasahoy.com.ar\/ph\/wp-json\/wp\/v2\/types\/post"}],"author":[{"embeddable":true,"href":"https:\/\/pasahoy.com.ar\/ph\/wp-json\/wp\/v2\/users\/3"}],"replies":[{"embeddable":true,"href":"https:\/\/pasahoy.com.ar\/ph\/wp-json\/wp\/v2\/comments?post=2512"}],"version-history":[{"count":1,"href":"https:\/\/pasahoy.com.ar\/ph\/wp-json\/wp\/v2\/posts\/2512\/revisions"}],"predecessor-version":[{"id":2514,"href":"https:\/\/pasahoy.com.ar\/ph\/wp-json\/wp\/v2\/posts\/2512\/revisions\/2514"}],"wp:featuredmedia":[{"embeddable":true,"href":"https:\/\/pasahoy.com.ar\/ph\/wp-json\/wp\/v2\/media\/2513"}],"wp:attachment":[{"href":"https:\/\/pasahoy.com.ar\/ph\/wp-json\/wp\/v2\/media?parent=2512"}],"wp:term":[{"taxonomy":"category","embeddable":true,"href":"https:\/\/pasahoy.com.ar\/ph\/wp-json\/wp\/v2\/categories?post=2512"},{"taxonomy":"post_tag","embeddable":true,"href":"https:\/\/pasahoy.com.ar\/ph\/wp-json\/wp\/v2\/tags?post=2512"}],"curies":[{"name":"wp","href":"https:\/\/api.w.org\/{rel}","templated":true}]}}