{"id":2509,"date":"2025-06-02T18:04:03","date_gmt":"2025-06-02T18:04:03","guid":{"rendered":"https:\/\/pasahoy.com.ar\/ph\/?p=2509"},"modified":"2025-06-02T18:04:20","modified_gmt":"2025-06-02T18:04:20","slug":"cuando-cobro-anses-jubilados-auh-desempleo-y-el-resto-de-las-prestaciones-del-lunes-2-de-junio","status":"publish","type":"post","link":"https:\/\/pasahoy.com.ar\/ph\/cuando-cobro-anses-jubilados-auh-desempleo-y-el-resto-de-las-prestaciones-del-lunes-2-de-junio\/","title":{"rendered":"Cu\u00e1ndo cobro ANSES: jubilados, AUH, desempleo y el resto de las prestaciones del lunes 2 de junio"},"content":{"rendered":"\n<p>El organismo previsional ya anunci\u00f3 las fechas de cobro para las prestaciones que otorga a sus beneficiarios. <\/p>\n\n\n\n<h2 class=\"wp-block-heading\">Calendario de pagos de ANSES de junio 2025<\/h2>\n\n\n\n<p>El organismo comenzar\u00e1 con su esquema de cobros el lunes nueve de junio. Como siempre ser\u00e1 por la terminaci\u00f3n del DNI, los d\u00edas para las distintas prestaciones son:<\/p>\n\n\n\n<h3 class=\"wp-block-heading\">Jubilaciones y pensiones que no superen los haberes m\u00ednimos<\/h3>\n\n\n\n<ul class=\"wp-block-list\">\n<li>DNI terminados en 0: 9 de junio<\/li>\n\n\n\n<li>DNI terminados en 1: 10 de junio<\/li>\n\n\n\n<li>DNI terminados en 2: 11 de junio<\/li>\n\n\n\n<li>DNI terminados en 3: 12 de junio<\/li>\n\n\n\n<li>DNI terminados en 4: 13 de junio<\/li>\n\n\n\n<li>DNI terminados en 5: 17 de junio<\/li>\n\n\n\n<li>DNI terminados en 6: 18 de junio<\/li>\n\n\n\n<li>DNI terminados en 7: 18 de junio<\/li>\n\n\n\n<li>DNI terminados en 8: 19 de junio<\/li>\n\n\n\n<li>DNI terminados en 9: 23 de junio <\/li>\n<\/ul>\n\n\n\n<h3 class=\"wp-block-heading\">Jubilaciones y pensiones que superen el haber m\u00ednimo<\/h3>\n\n\n\n<ul class=\"wp-block-list\">\n<li>DNI terminados en 0 y 1: 24 de junio<\/li>\n\n\n\n<li>DNI terminados en 2 y 3: 25 de junio<\/li>\n\n\n\n<li>DNI terminados en 4 y 5: 26 de junio<\/li>\n\n\n\n<li>DNI terminados en 6 y 7: 27 de junio<\/li>\n\n\n\n<li>DNI terminados en 8 y 9: 30 de junio <\/li>\n<\/ul>\n\n\n\n<h3 class=\"wp-block-heading\">Asignaci\u00f3n Universal por Hijo y Asignaci\u00f3n Familiar por Hijo<\/h3>\n\n\n\n<ul class=\"wp-block-list\">\n<li>DNI terminados en 0: 9 de junio<\/li>\n\n\n\n<li>DNI terminados en 1: 10 de junio<\/li>\n\n\n\n<li>DNI terminados en 2: 11 de junio<\/li>\n\n\n\n<li>DNI terminados en 3: 12 de junio<\/li>\n\n\n\n<li>DNI terminados en 4: 13 de junio<\/li>\n\n\n\n<li>DNI terminados en 5: 17 de junio<\/li>\n\n\n\n<li>DNI terminados en 6: 18 de junio<\/li>\n\n\n\n<li>DNI terminados en 7: 19 de junio<\/li>\n\n\n\n<li>DNI terminados en 8: 23 de junio<\/li>\n\n\n\n<li>DNI terminados en 9: 24 de junio <\/li>\n<\/ul>\n\n\n\n<h3 class=\"wp-block-heading\">Asignaci\u00f3n por Embarazo<\/h3>\n\n\n\n<ul class=\"wp-block-list\">\n<li>DNI terminados en 0: 10 de junio<\/li>\n\n\n\n<li>DNI terminados en 1: 11 de junio<\/li>\n\n\n\n<li>DNI terminados en 2: 12 de junio<\/li>\n\n\n\n<li>DNI terminados en 3: 13 de junio<\/li>\n\n\n\n<li>DNI terminados en 4: 17 de junio<\/li>\n\n\n\n<li>DNI terminados en 5: 18 de junio<\/li>\n\n\n\n<li>DNI terminados en 6: 19 de junio<\/li>\n\n\n\n<li>DNI terminados en 7: 23 de junio<\/li>\n\n\n\n<li>DNI terminados en 8: 24 de junio<\/li>\n\n\n\n<li>DNI terminados en 9: 25 de junio <\/li>\n<\/ul>\n\n\n\n<h3 class=\"wp-block-heading\">Asignaci\u00f3n por Prenatal y Maternidad<\/h3>\n\n\n\n<ul class=\"wp-block-list\">\n<li>DNI terminados en 0 y 1: 10 de mayo<\/li>\n\n\n\n<li>DNI terminados en 2 y 3: 11 de mayo<\/li>\n\n\n\n<li>DNI terminados en 4 y 5: 12 de mayo<\/li>\n\n\n\n<li>DNI terminados en 6 y 7: 13 de mayo<\/li>\n\n\n\n<li>DNI terminados en 8 y 9: 17 de mayo <\/li>\n<\/ul>\n\n\n\n<h3 class=\"wp-block-heading\">Asignaciones Pago \u00danico (matrimonio, adopci\u00f3n y nacimiento)<\/h3>\n\n\n\n<p>Mes a cobrar: Mayo<\/p>\n\n\n\n<ul class=\"wp-block-list\">\n<li><strong>Todas las terminaciones de documento: del 12 de mayo al 11 de junio<\/strong><\/li>\n<\/ul>\n\n\n\n<p>Mes a cobrar: Junio<\/p>\n\n\n\n<ul class=\"wp-block-list\">\n<li>Todas las terminaciones de documento (primera quincena): del 10 de junio al 14 de julio<\/li>\n\n\n\n<li>Todas las terminaciones de documento (segunda quincena): del 24 de junio al 14 de julio <\/li>\n<\/ul>\n\n\n\n<h3 class=\"wp-block-heading\">Pensiones No Contributivas<\/h3>\n\n\n\n<ul class=\"wp-block-list\">\n<li>DNI terminados en 0 y 1: 9 de junio<\/li>\n\n\n\n<li>DNI terminados en 2 y 3: 10 de junio<\/li>\n\n\n\n<li>DNI terminados en 4 y 5: 11 de junio<\/li>\n\n\n\n<li>DNI terminados en 6 y 7: 12 de junio<\/li>\n\n\n\n<li>DNI terminados en 8 y 9: 13 de junio <\/li>\n<\/ul>\n\n\n\n<h3 class=\"wp-block-heading\">Asignaciones Familiares de Pensiones No Contributivas<\/h3>\n\n\n\n<p>Mes a cobrar: mayo<\/p>\n\n\n\n<ul class=\"wp-block-list\">\n<li><strong>Todas las terminaciones de documento: 9 de mayo al 11 de junio<\/strong><\/li>\n<\/ul>\n\n\n\n<p>Mes a cobrar: junio<\/p>\n\n\n\n<ul class=\"wp-block-list\">\n<li>Todas las terminaciones de documento: 9 de junio al 14 de julio <\/li>\n<\/ul>\n\n\n\n<h3 class=\"wp-block-heading\">Prestaci\u00f3n por Desempleo<\/h3>\n\n\n\n<p>Mes a cobrar: mayo (plan 2)<\/p>\n\n\n\n<ul class=\"wp-block-list\">\n<li>Todas las terminaciones de documento: 4 de junio al 11 de junio<\/li>\n<\/ul>\n\n\n\n<p>Mes a cobrar: junio (plan 1)<\/p>\n\n\n\n<ul class=\"wp-block-list\">\n<li>DNI terminados en 0 y 1: 24 de junio<\/li>\n\n\n\n<li>DNI terminados en 2 y 3: 25 de junio<\/li>\n\n\n\n<li>DNI terminados en 4 y 5: 26 de junio<\/li>\n\n\n\n<li>DNI terminados en 6 y 7: 30 de junio<\/li>\n\n\n\n<li>DNI terminados en 8 y 9: 1 de julio<\/li>\n<\/ul>\n\n\n\n<figure class=\"wp-block-gallery has-nested-images columns-default is-cropped wp-block-gallery-1 is-layout-flex wp-block-gallery-is-layout-flex\">\n<figure class=\"wp-block-image size-large\"><img loading=\"lazy\" decoding=\"async\" width=\"976\" height=\"561\" data-id=\"2510\" src=\"https:\/\/pasahoy.com.ar\/ph\/wp-content\/uploads\/2025\/06\/1000389682.png\" alt=\"\" class=\"wp-image-2510\" srcset=\"https:\/\/pasahoy.com.ar\/ph\/wp-content\/uploads\/2025\/06\/1000389682.png 976w, https:\/\/pasahoy.com.ar\/ph\/wp-content\/uploads\/2025\/06\/1000389682-300x172.png 300w, https:\/\/pasahoy.com.ar\/ph\/wp-content\/uploads\/2025\/06\/1000389682-768x441.png 768w\" sizes=\"auto, (max-width: 976px) 100vw, 976px\" \/><\/figure>\n<\/figure>\n","protected":false},"excerpt":{"rendered":"<p>El organismo previsional ya anunci\u00f3 las fechas de cobro para las prestaciones que otorga a sus beneficiarios. Calendario de pagos de ANSES de junio 2025 El organismo comenzar\u00e1 con su esquema de cobros el lunes nueve de junio. Como siempre ser\u00e1 por la terminaci\u00f3n del DNI, los d\u00edas para las distintas prestaciones son: Jubilaciones y [&hellip;]<\/p>\n","protected":false},"author":3,"featured_media":2510,"comment_status":"open","ping_status":"open","sticky":false,"template":"","format":"standard","meta":{"_jetpack_memberships_contains_paid_content":false,"footnotes":""},"categories":[10],"tags":[],"class_list":["post-2509","post","type-post","status-publish","format-standard","has-post-thumbnail","hentry","category-sociedad"],"jetpack_featured_media_url":"https:\/\/pasahoy.com.ar\/ph\/wp-content\/uploads\/2025\/06\/1000389682.png","jetpack_sharing_enabled":true,"_links":{"self":[{"href":"https:\/\/pasahoy.com.ar\/ph\/wp-json\/wp\/v2\/posts\/2509","targetHints":{"allow":["GET"]}}],"collection":[{"href":"https:\/\/pasahoy.com.ar\/ph\/wp-json\/wp\/v2\/posts"}],"about":[{"href":"https:\/\/pasahoy.com.ar\/ph\/wp-json\/wp\/v2\/types\/post"}],"author":[{"embeddable":true,"href":"https:\/\/pasahoy.com.ar\/ph\/wp-json\/wp\/v2\/users\/3"}],"replies":[{"embeddable":true,"href":"https:\/\/pasahoy.com.ar\/ph\/wp-json\/wp\/v2\/comments?post=2509"}],"version-history":[{"count":1,"href":"https:\/\/pasahoy.com.ar\/ph\/wp-json\/wp\/v2\/posts\/2509\/revisions"}],"predecessor-version":[{"id":2511,"href":"https:\/\/pasahoy.com.ar\/ph\/wp-json\/wp\/v2\/posts\/2509\/revisions\/2511"}],"wp:featuredmedia":[{"embeddable":true,"href":"https:\/\/pasahoy.com.ar\/ph\/wp-json\/wp\/v2\/media\/2510"}],"wp:attachment":[{"href":"https:\/\/pasahoy.com.ar\/ph\/wp-json\/wp\/v2\/media?parent=2509"}],"wp:term":[{"taxonomy":"category","embeddable":true,"href":"https:\/\/pasahoy.com.ar\/ph\/wp-json\/wp\/v2\/categories?post=2509"},{"taxonomy":"post_tag","embeddable":true,"href":"https:\/\/pasahoy.com.ar\/ph\/wp-json\/wp\/v2\/tags?post=2509"}],"curies":[{"name":"wp","href":"https:\/\/api.w.org\/{rel}","templated":true}]}}