{"id":2506,"date":"2025-06-02T17:56:20","date_gmt":"2025-06-02T17:56:20","guid":{"rendered":"https:\/\/pasahoy.com.ar\/ph\/?p=2506"},"modified":"2025-06-02T17:56:33","modified_gmt":"2025-06-02T17:56:33","slug":"los-dias-mas-dificiles-de-sandra-en-gran-hermano-su-guerra-con-luz-y-el-distanciamiento-furioso-de-katia","status":"publish","type":"post","link":"https:\/\/pasahoy.com.ar\/ph\/los-dias-mas-dificiles-de-sandra-en-gran-hermano-su-guerra-con-luz-y-el-distanciamiento-furioso-de-katia\/","title":{"rendered":"Los d\u00edas m\u00e1s dif\u00edciles de Sandra en Gran Hermano: su guerra con Luz y el distanciamiento furioso de Katia"},"content":{"rendered":"\n<p>La participante est\u00e1 atravesando un momento de tensi\u00f3n con algunas de sus compa\u00f1eras.<\/p>\n\n\n\n<p>La final de&nbsp;<strong><a href=\"https:\/\/www.pronto.com.ar\/temas\/gran-hermano-1796.html\" target=\"_blank\" rel=\"noreferrer noopener\">Gran Hermano (Telefe)<\/a><\/strong>&nbsp;est\u00e1 cada vez m\u00e1s cerca y&nbsp;<strong><a href=\"https:\/\/www.pronto.com.ar\/temas\/sandra-priore-26054.html\" target=\"_blank\" rel=\"noreferrer noopener\">Sandra Priore<\/a>&nbsp;la est\u00e1 viviendo a los tropezones<\/strong>&nbsp;luego de tener problemas con sus aliados m\u00e1s cercanos.<\/p>\n\n\n\n<p>Lo que pas\u00f3 fue que, en primer lugar, la participante comenz\u00f3 a&nbsp;<strong>distanciarse de&nbsp;<a href=\"https:\/\/www.pronto.com.ar\/temas\/santiago-algorta-26023.html\" target=\"_blank\" rel=\"noreferrer noopener\">Santiago \u00abTato\u00bb Algorta<\/a><\/strong>&nbsp;debido al acercamiento de \u00e9l a&nbsp;<strong><a href=\"https:\/\/www.pronto.com.ar\/temas\/luz-tito-25982.html\" target=\"_blank\" rel=\"noreferrer noopener\">Luz Tito<\/a>, una de las hermanitas a las que no se banca<\/strong>.<\/p>\n\n\n\n<p><strong>Yo s\u00e9 que Tato quiere que acepte a Luz y que ella me caiga bien. Ella es zorra<\/strong>\u00ab, dijo<strong>\u00a0Priore<\/strong>\u00a0sin filtros mientras conversaba con\u00a0<strong>Petrona\u00a0<\/strong>y<strong>\u00a0Andrea<\/strong>. Por su parte,\u00a0<strong>Tato asegur\u00f3 que \u00abconf\u00eda ciegamente en Luz\u00bb<\/strong>. <\/p>\n\n\n\n<p>Luego de esto,&nbsp;<strong><a href=\"https:\/\/www.pronto.com.ar\/temas\/katia-fenocchio-26786.html\" target=\"_blank\" rel=\"noreferrer noopener\">Katia \u00abla Tana\u00bb Fenocchio<\/a>&nbsp;<\/strong>admiti\u00f3 que estaba alej\u00e1ndose de&nbsp;<strong>Sandra<\/strong>. En una charla con Big en el confesionario, ella expres\u00f3: \u00abCapaz que esta placa es para sacar a alguien fuerte de la casa. Pasa que yo no voy a decir en la mesa:<strong>&nbsp;&#8216;\u00a1Qu\u00e9 se vaya Sandra que es re traicionera!&#8217; Yo siento que si ella tiene que entregar mi cabeza con tal de lavarse las manos lo hace<\/strong>. Yo a&nbsp;<strong>Sandra<\/strong>&nbsp;la quiero, estoy con ella pero no quiero que eso me arrastre\u00bb.<\/p>\n\n\n\n<p>\u00abSomos tan pocos que capaz por estar tanto tiempo con ella eso me arrastra.\u00a0<strong>Yo a Sandra la quiero, siempre me ha contenido pero no quiero que me arrastre en el juego. Si ella tiene que dar mi cabeza en bandeja lo va a hacer.\u00a0<\/strong>Yo no voy a ser desleal pero, si ella se manda una macana, no quiero quedar pegada\u00bb, cerr\u00f3<strong>\u00a0Katia\u00a0<\/strong>de forma contundente. <\/p>\n\n\n\n<figure class=\"wp-block-gallery has-nested-images columns-default is-cropped wp-block-gallery-1 is-layout-flex wp-block-gallery-is-layout-flex\">\n<figure class=\"wp-block-image size-large\"><img loading=\"lazy\" decoding=\"async\" width=\"903\" height=\"542\" data-id=\"2507\" src=\"https:\/\/pasahoy.com.ar\/ph\/wp-content\/uploads\/2025\/06\/1000389636.png\" alt=\"\" class=\"wp-image-2507\" srcset=\"https:\/\/pasahoy.com.ar\/ph\/wp-content\/uploads\/2025\/06\/1000389636.png 903w, https:\/\/pasahoy.com.ar\/ph\/wp-content\/uploads\/2025\/06\/1000389636-300x180.png 300w, https:\/\/pasahoy.com.ar\/ph\/wp-content\/uploads\/2025\/06\/1000389636-768x461.png 768w\" sizes=\"auto, (max-width: 903px) 100vw, 903px\" \/><\/figure>\n<\/figure>\n","protected":false},"excerpt":{"rendered":"<p>La participante est\u00e1 atravesando un momento de tensi\u00f3n con algunas de sus compa\u00f1eras. La final de&nbsp;Gran Hermano (Telefe)&nbsp;est\u00e1 cada vez m\u00e1s cerca y&nbsp;Sandra Priore&nbsp;la est\u00e1 viviendo a los tropezones&nbsp;luego de tener problemas con sus aliados m\u00e1s cercanos. Lo que pas\u00f3 fue que, en primer lugar, la participante comenz\u00f3 a&nbsp;distanciarse de&nbsp;Santiago \u00abTato\u00bb Algorta&nbsp;debido al acercamiento de [&hellip;]<\/p>\n","protected":false},"author":3,"featured_media":2507,"comment_status":"open","ping_status":"open","sticky":false,"template":"","format":"standard","meta":{"_jetpack_memberships_contains_paid_content":false,"footnotes":""},"categories":[5],"tags":[],"class_list":["post-2506","post","type-post","status-publish","format-standard","has-post-thumbnail","hentry","category-espectaculo"],"jetpack_featured_media_url":"https:\/\/pasahoy.com.ar\/ph\/wp-content\/uploads\/2025\/06\/1000389636.png","jetpack_sharing_enabled":true,"_links":{"self":[{"href":"https:\/\/pasahoy.com.ar\/ph\/wp-json\/wp\/v2\/posts\/2506","targetHints":{"allow":["GET"]}}],"collection":[{"href":"https:\/\/pasahoy.com.ar\/ph\/wp-json\/wp\/v2\/posts"}],"about":[{"href":"https:\/\/pasahoy.com.ar\/ph\/wp-json\/wp\/v2\/types\/post"}],"author":[{"embeddable":true,"href":"https:\/\/pasahoy.com.ar\/ph\/wp-json\/wp\/v2\/users\/3"}],"replies":[{"embeddable":true,"href":"https:\/\/pasahoy.com.ar\/ph\/wp-json\/wp\/v2\/comments?post=2506"}],"version-history":[{"count":1,"href":"https:\/\/pasahoy.com.ar\/ph\/wp-json\/wp\/v2\/posts\/2506\/revisions"}],"predecessor-version":[{"id":2508,"href":"https:\/\/pasahoy.com.ar\/ph\/wp-json\/wp\/v2\/posts\/2506\/revisions\/2508"}],"wp:featuredmedia":[{"embeddable":true,"href":"https:\/\/pasahoy.com.ar\/ph\/wp-json\/wp\/v2\/media\/2507"}],"wp:attachment":[{"href":"https:\/\/pasahoy.com.ar\/ph\/wp-json\/wp\/v2\/media?parent=2506"}],"wp:term":[{"taxonomy":"category","embeddable":true,"href":"https:\/\/pasahoy.com.ar\/ph\/wp-json\/wp\/v2\/categories?post=2506"},{"taxonomy":"post_tag","embeddable":true,"href":"https:\/\/pasahoy.com.ar\/ph\/wp-json\/wp\/v2\/tags?post=2506"}],"curies":[{"name":"wp","href":"https:\/\/api.w.org\/{rel}","templated":true}]}}