{"id":2503,"date":"2025-06-02T17:50:24","date_gmt":"2025-06-02T17:50:24","guid":{"rendered":"https:\/\/pasahoy.com.ar\/ph\/?p=2503"},"modified":"2025-06-02T17:50:43","modified_gmt":"2025-06-02T17:50:43","slug":"elisa-carrio-denuncio-el-abandono-estatal-deliberado-del-garrahan-y-reclamo-que-una-comitiva-investigue-el-estado-operativo-del-hospital","status":"publish","type":"post","link":"https:\/\/pasahoy.com.ar\/ph\/elisa-carrio-denuncio-el-abandono-estatal-deliberado-del-garrahan-y-reclamo-que-una-comitiva-investigue-el-estado-operativo-del-hospital\/","title":{"rendered":"Elisa Carri\u00f3 denunci\u00f3 el \u201cabandono estatal deliberado\u201d del Garrahan y reclam\u00f3 que una comitiva investigue el estado operativo del hospital"},"content":{"rendered":"\n<p><strong>Elisa Carri\u00f3<\/strong>\u00a0denunci\u00f3 que el Gobierno de\u00a0<strong>Javier Milei\u00a0<\/strong>hizo un\u00a0<strong>\u00ababandono estatal deliberado\u00bb el Garrahan<\/strong>\u00a0y reclam\u00f3 que se constituya una comitiva para que investigue el estado del centro de salud pedi\u00e1trico. En tanto, en medio del fuerte reclamo salarial de los m\u00e9dicos, las autoridades del hospital anunciaron que a partir del 1\u00b0 de julio aumentar\u00e1n el sueldo de los residentes.\u00a0 <\/p>\n\n\n\n<p>Mientras el Gobierno intenta desactivar el conflicto con el anuncio de un aumento para residentes, Elisa Carri\u00f3 denunci\u00f3 que la gesti\u00f3n de Milei est\u00e1 incurriendo en un \u00ababandono deliberado\u00bb del hospital Garrahan y pidi\u00f3 que se constituya una comitiva para investigar el estado operativo del principal centro pedi\u00e1trico del pa\u00eds y la situaci\u00f3n de sus trabajadores. <\/p>\n\n\n\n<p>La l\u00edder de la Coalici\u00f3n C\u00edvica public\u00f3 en sus redes sociales la presentaci\u00f3n que hizo ante la Defensora General de la Naci\u00f3n, Stella Maris Mart\u00ednez, en la que plante\u00f3 que existe un \u00abcuadro cr\u00edtico y sostenido de desfinanciamiento, que no puede ser interpretado como una mera omisi\u00f3n administrativa ni como una contingencia presupuestaria, sino como una pol\u00edtica activa de regresi\u00f3n de derechos fundamentales, en particular del derecho a la salud de la ni\u00f1ez\u00bb.<\/p>\n\n\n\n<p>En ese sentido, solicit\u00f3 una serie de medidas entre las que se destaca la constituci\u00f3n de una comitiva de defensores p\u00fablicos, profesionales t\u00e9cnicos y personal especializado que investigue el estado operativo del hospital, recoja testimonios de empleados y pacientes y reclame documentaci\u00f3n pertinente a las autoridades.<\/p>\n\n\n\n<p>Tambi\u00e9n pidi\u00f3 la intervenci\u00f3n de los defensores p\u00fablicos de menores e incapaces y solicit\u00f3 que se interponga un amparo para que se restituya el presupuesto del centro de salud y que se proh\u00edban nuevos recortes.<\/p>\n\n\n\n<figure class=\"wp-block-gallery has-nested-images columns-default is-cropped wp-block-gallery-1 is-layout-flex wp-block-gallery-is-layout-flex\">\n<figure class=\"wp-block-image size-large\"><img loading=\"lazy\" decoding=\"async\" width=\"922\" height=\"542\" data-id=\"2504\" src=\"https:\/\/pasahoy.com.ar\/ph\/wp-content\/uploads\/2025\/06\/1000389624.png\" alt=\"\" class=\"wp-image-2504\" srcset=\"https:\/\/pasahoy.com.ar\/ph\/wp-content\/uploads\/2025\/06\/1000389624.png 922w, https:\/\/pasahoy.com.ar\/ph\/wp-content\/uploads\/2025\/06\/1000389624-300x176.png 300w, https:\/\/pasahoy.com.ar\/ph\/wp-content\/uploads\/2025\/06\/1000389624-768x451.png 768w\" sizes=\"auto, (max-width: 922px) 100vw, 922px\" \/><\/figure>\n<\/figure>\n","protected":false},"excerpt":{"rendered":"<p>Elisa Carri\u00f3\u00a0denunci\u00f3 que el Gobierno de\u00a0Javier Milei\u00a0hizo un\u00a0\u00ababandono estatal deliberado\u00bb el Garrahan\u00a0y reclam\u00f3 que se constituya una comitiva para que investigue el estado del centro de salud pedi\u00e1trico. En tanto, en medio del fuerte reclamo salarial de los m\u00e9dicos, las autoridades del hospital anunciaron que a partir del 1\u00b0 de julio aumentar\u00e1n el sueldo de [&hellip;]<\/p>\n","protected":false},"author":3,"featured_media":2504,"comment_status":"open","ping_status":"open","sticky":false,"template":"","format":"standard","meta":{"_jetpack_memberships_contains_paid_content":false,"footnotes":""},"categories":[2],"tags":[],"class_list":["post-2503","post","type-post","status-publish","format-standard","has-post-thumbnail","hentry","category-nacional"],"jetpack_featured_media_url":"https:\/\/pasahoy.com.ar\/ph\/wp-content\/uploads\/2025\/06\/1000389624.png","jetpack_sharing_enabled":true,"_links":{"self":[{"href":"https:\/\/pasahoy.com.ar\/ph\/wp-json\/wp\/v2\/posts\/2503","targetHints":{"allow":["GET"]}}],"collection":[{"href":"https:\/\/pasahoy.com.ar\/ph\/wp-json\/wp\/v2\/posts"}],"about":[{"href":"https:\/\/pasahoy.com.ar\/ph\/wp-json\/wp\/v2\/types\/post"}],"author":[{"embeddable":true,"href":"https:\/\/pasahoy.com.ar\/ph\/wp-json\/wp\/v2\/users\/3"}],"replies":[{"embeddable":true,"href":"https:\/\/pasahoy.com.ar\/ph\/wp-json\/wp\/v2\/comments?post=2503"}],"version-history":[{"count":1,"href":"https:\/\/pasahoy.com.ar\/ph\/wp-json\/wp\/v2\/posts\/2503\/revisions"}],"predecessor-version":[{"id":2505,"href":"https:\/\/pasahoy.com.ar\/ph\/wp-json\/wp\/v2\/posts\/2503\/revisions\/2505"}],"wp:featuredmedia":[{"embeddable":true,"href":"https:\/\/pasahoy.com.ar\/ph\/wp-json\/wp\/v2\/media\/2504"}],"wp:attachment":[{"href":"https:\/\/pasahoy.com.ar\/ph\/wp-json\/wp\/v2\/media?parent=2503"}],"wp:term":[{"taxonomy":"category","embeddable":true,"href":"https:\/\/pasahoy.com.ar\/ph\/wp-json\/wp\/v2\/categories?post=2503"},{"taxonomy":"post_tag","embeddable":true,"href":"https:\/\/pasahoy.com.ar\/ph\/wp-json\/wp\/v2\/tags?post=2503"}],"curies":[{"name":"wp","href":"https:\/\/api.w.org\/{rel}","templated":true}]}}