{"id":2500,"date":"2025-06-02T17:46:50","date_gmt":"2025-06-02T17:46:50","guid":{"rendered":"https:\/\/pasahoy.com.ar\/ph\/?p=2500"},"modified":"2025-06-02T17:47:03","modified_gmt":"2025-06-02T17:47:03","slug":"la-justicia-proceso-y-detuvo-a-un-hombre-acusado-de-robar-con-un-cuchillo-de-cocina","status":"publish","type":"post","link":"https:\/\/pasahoy.com.ar\/ph\/la-justicia-proceso-y-detuvo-a-un-hombre-acusado-de-robar-con-un-cuchillo-de-cocina\/","title":{"rendered":"LA JUSTICIA PROCES\u00d3 Y DETUVO A UN HOMBRE ACUSADO DE ROBAR CON UN CUCHILLO DE COCINA"},"content":{"rendered":"\n<p>El Juzgado de Instrucci\u00f3n en lo Criminal y Correccional N\u00b0 3 de la Primera Circunscripci\u00f3n Judicial con sede en la Ciudad de La Rioja, a cargo de la jueza Dra. Mar\u00eda Eugenia Torres, resolvi\u00f3 dictar procesamiento, prisi\u00f3n preventiva y embargo de bienes para hombre acusado de robo con uso de arma blanca.<\/p>\n\n\n\n<figure class=\"wp-block-gallery has-nested-images columns-default is-cropped wp-block-gallery-1 is-layout-flex wp-block-gallery-is-layout-flex\">\n<figure class=\"wp-block-image size-large\"><img loading=\"lazy\" decoding=\"async\" width=\"826\" height=\"553\" data-id=\"2501\" src=\"https:\/\/pasahoy.com.ar\/ph\/wp-content\/uploads\/2025\/06\/1000389504.png\" alt=\"\" class=\"wp-image-2501\" srcset=\"https:\/\/pasahoy.com.ar\/ph\/wp-content\/uploads\/2025\/06\/1000389504.png 826w, https:\/\/pasahoy.com.ar\/ph\/wp-content\/uploads\/2025\/06\/1000389504-300x201.png 300w, https:\/\/pasahoy.com.ar\/ph\/wp-content\/uploads\/2025\/06\/1000389504-768x514.png 768w\" sizes=\"auto, (max-width: 826px) 100vw, 826px\" \/><\/figure>\n<\/figure>\n\n\n\n<p>El hecho que se hace menci\u00f3n, sucedi\u00f3 en la medianoche del mes de enero del corriente a\u00f1o, en circunstancias cuando un ciudadano es increpado por otro en el barrio Islas Malvinas ubicado en zona Este de esta Ciudad Capital. El imputado cruzo violentamente a la v\u00edctima a quien agredi\u00f3 f\u00edsicamente y amenazo con un arma blanca (cuchillo de cocina) para luego sustraerle el tel\u00e9fono celular y posteriormente huir del lugar. Los vecinos ayudaron atrapar al agresor que fue entregado a la polic\u00eda despu\u00e9s de ser alertados del hecho.<\/p>\n\n\n\n<p>En la etapa procesal, se presenta la correspondiente documentaci\u00f3n sobre el il\u00edcito cometido por el imputado. En el an\u00e1lisis del caso y luego de confirmar el secuestro del arma blanca, un tel\u00e9fono m\u00f3vil y el informe m\u00e9dico, donde indica que la v\u00edctima sufri\u00f3 lesiones en su cuerpo junto a las declaraciones testimoniales de varias personas donde queda expuesta la conducta del imputado en un acto delictivo de robo con intimidaci\u00f3n y violencia.<\/p>\n\n\n\n<p>La Magistrada resolvi\u00f3 dictar autor procesamiento y prisi\u00f3n preventiva en contra del imputado por ser el supuesto autor del delito de robo calificado por el uso de arma debiendo el imputado continuar detenido bajo prisi\u00f3n preventiva, y ser trasladado al servicio penitenciario provincial donde quedar\u00e1 alojado en calidad de imputado procesado. En el segundo punto de la parte resolutiva, se orden\u00f3 el embargo a cargo del imputado por la suma de un mill\u00f3n quinientos pesos<\/p>\n","protected":false},"excerpt":{"rendered":"<p>El Juzgado de Instrucci\u00f3n en lo Criminal y Correccional N\u00b0 3 de la Primera Circunscripci\u00f3n Judicial con sede en la Ciudad de La Rioja, a cargo de la jueza Dra. Mar\u00eda Eugenia Torres, resolvi\u00f3 dictar procesamiento, prisi\u00f3n preventiva y embargo de bienes para hombre acusado de robo con uso de arma blanca. El hecho que [&hellip;]<\/p>\n","protected":false},"author":3,"featured_media":2501,"comment_status":"open","ping_status":"open","sticky":false,"template":"","format":"standard","meta":{"_jetpack_memberships_contains_paid_content":false,"footnotes":""},"categories":[12],"tags":[],"class_list":["post-2500","post","type-post","status-publish","format-standard","has-post-thumbnail","hentry","category-judicial"],"jetpack_featured_media_url":"https:\/\/pasahoy.com.ar\/ph\/wp-content\/uploads\/2025\/06\/1000389504.png","jetpack_sharing_enabled":true,"_links":{"self":[{"href":"https:\/\/pasahoy.com.ar\/ph\/wp-json\/wp\/v2\/posts\/2500","targetHints":{"allow":["GET"]}}],"collection":[{"href":"https:\/\/pasahoy.com.ar\/ph\/wp-json\/wp\/v2\/posts"}],"about":[{"href":"https:\/\/pasahoy.com.ar\/ph\/wp-json\/wp\/v2\/types\/post"}],"author":[{"embeddable":true,"href":"https:\/\/pasahoy.com.ar\/ph\/wp-json\/wp\/v2\/users\/3"}],"replies":[{"embeddable":true,"href":"https:\/\/pasahoy.com.ar\/ph\/wp-json\/wp\/v2\/comments?post=2500"}],"version-history":[{"count":1,"href":"https:\/\/pasahoy.com.ar\/ph\/wp-json\/wp\/v2\/posts\/2500\/revisions"}],"predecessor-version":[{"id":2502,"href":"https:\/\/pasahoy.com.ar\/ph\/wp-json\/wp\/v2\/posts\/2500\/revisions\/2502"}],"wp:featuredmedia":[{"embeddable":true,"href":"https:\/\/pasahoy.com.ar\/ph\/wp-json\/wp\/v2\/media\/2501"}],"wp:attachment":[{"href":"https:\/\/pasahoy.com.ar\/ph\/wp-json\/wp\/v2\/media?parent=2500"}],"wp:term":[{"taxonomy":"category","embeddable":true,"href":"https:\/\/pasahoy.com.ar\/ph\/wp-json\/wp\/v2\/categories?post=2500"},{"taxonomy":"post_tag","embeddable":true,"href":"https:\/\/pasahoy.com.ar\/ph\/wp-json\/wp\/v2\/tags?post=2500"}],"curies":[{"name":"wp","href":"https:\/\/api.w.org\/{rel}","templated":true}]}}