{"id":2497,"date":"2025-06-02T17:45:48","date_gmt":"2025-06-02T17:45:48","guid":{"rendered":"https:\/\/pasahoy.com.ar\/ph\/?p=2497"},"modified":"2025-06-02T17:46:11","modified_gmt":"2025-06-02T17:46:11","slug":"la-justicia-toma-declaraciones-clave-en-juicio-contra-un-tio-acusado-de-abusar-de-su-sobrina","status":"publish","type":"post","link":"https:\/\/pasahoy.com.ar\/ph\/la-justicia-toma-declaraciones-clave-en-juicio-contra-un-tio-acusado-de-abusar-de-su-sobrina\/","title":{"rendered":"LA JUSTICIA TOMA DECLARACIONES CLAVE EN JUICIO CONTRA UN T\u00cdO ACUSADO DE ABUSAR DE SU SOBRINA"},"content":{"rendered":"\n<p>En la C\u00e1mara Tercera en lo Criminal y Correccional de la Primera Circunscripci\u00f3n Judicial de La Rioja, prosigue el juicio contra \u00c1ngel E. A., acusado del delito de abuso sexual agravado por la situaci\u00f3n de convivencia preexistente, en perjuicio de su sobrina. El Tribunal se encuentra compuesto por el Presidente Dr. Gustavo D\u00edaz; y las Vocales juezas Dras. Edith Ag\u00fcero y Sara L\u00f3pez Douglas.<\/p>\n\n\n\n<figure class=\"wp-block-gallery has-nested-images columns-default is-cropped wp-block-gallery-1 is-layout-flex wp-block-gallery-is-layout-flex\">\n<figure class=\"wp-block-image size-large\"><img loading=\"lazy\" decoding=\"async\" width=\"852\" height=\"552\" data-id=\"2498\" src=\"https:\/\/pasahoy.com.ar\/ph\/wp-content\/uploads\/2025\/06\/1000389511.png\" alt=\"\" class=\"wp-image-2498\" srcset=\"https:\/\/pasahoy.com.ar\/ph\/wp-content\/uploads\/2025\/06\/1000389511.png 852w, https:\/\/pasahoy.com.ar\/ph\/wp-content\/uploads\/2025\/06\/1000389511-300x194.png 300w, https:\/\/pasahoy.com.ar\/ph\/wp-content\/uploads\/2025\/06\/1000389511-768x498.png 768w\" sizes=\"auto, (max-width: 852px) 100vw, 852px\" \/><\/figure>\n<\/figure>\n\n\n\n<p>Seg\u00fan la acusaci\u00f3n fiscal, los hechos habr\u00edan comenzado en el a\u00f1o 2012, cuando la v\u00edctima ten\u00eda entre 5 y 6 a\u00f1os de edad, en el marco de visitas familiares que el imputado realizaba a la provincia de C\u00f3rdoba. Posteriormente, los abusos habr\u00edan continuado en la ciudad de La Rioja, donde ambos resid\u00edan, hasta el a\u00f1o 2019, momento en el cual la v\u00edctima, con 13 a\u00f1os de edad, pudo revelar los hechos.<\/p>\n\n\n\n<p>Durante la audiencia realizada en la jornada de hoy, el tribunal procedi\u00f3 a la lectura por Secretar\u00eda del testimonio de un m\u00e9dico, quien actualmente reside en el sur del pa\u00eds. Asimismo, brind\u00f3 declaraci\u00f3n una licenciada en Psicolog\u00eda perteneciente a la Direcci\u00f3n de Gesti\u00f3n y Prevenci\u00f3n de la Familia, dependiente de la Direcci\u00f3n de la Ni\u00f1ez, quien detall\u00f3 que acompa\u00f1\u00f3 psicol\u00f3gicamente a la v\u00edctima durante el per\u00edodo comprendido entre abril y diciembre de 2019. La profesional indic\u00f3 que la menor fue alojada junto a su madre en un programa de resguardo institucional.<\/p>\n\n\n\n<p>En su intervenci\u00f3n, la psic\u00f3loga destac\u00f3 que la v\u00edctima fue clara y coherente en sus relatos, identificando a su t\u00edo como el agresor, y expres\u00f3 diferentes sentimientos. La profesional se\u00f1al\u00f3 que la ni\u00f1a inicialmente intent\u00f3 comunicar los hechos a su padre, quien no le crey\u00f3, y que posteriormente recurri\u00f3 al entorno escolar.<\/p>\n\n\n\n<p>Tambi\u00e9n declar\u00f3 una docente que se desempe\u00f1aba como Secretaria en la escuela a la que asist\u00eda la menor. Relat\u00f3 que fueron las compa\u00f1eras de la v\u00edctima quienes encontraron un papel escrito por ella, en el que narraba lo sucedido, lo que deriv\u00f3 en la activaci\u00f3n inmediata del protocolo institucional.<\/p>\n\n\n\n<p>Adem\u00e1s, prest\u00f3 testimonio una profesora de la v\u00edctima, quien manifest\u00f3 no recordar el hecho y se remiti\u00f3 a su informe de aquella \u00e9poca, se\u00f1alando que incluso no recordaba el rostro de la menor.<\/p>\n\n\n\n<p>Finalmente, durante la audiencia se reprodujo ante el tribunal el registro audiovisual de la entrevista realizada en C\u00e1mara Gesell cuando la v\u00edctima ten\u00eda 13 a\u00f1os, en la cual describi\u00f3 los hechos denunciados y aspectos de su entorno familiar y personal.<\/p>\n\n\n\n<p>El juicio continuar\u00e1 en los pr\u00f3ximos d\u00edas con la recepci\u00f3n de nuevos testimonios y la incorporaci\u00f3n de otras pruebas pertinentes.<\/p>\n","protected":false},"excerpt":{"rendered":"<p>En la C\u00e1mara Tercera en lo Criminal y Correccional de la Primera Circunscripci\u00f3n Judicial de La Rioja, prosigue el juicio contra \u00c1ngel E. A., acusado del delito de abuso sexual agravado por la situaci\u00f3n de convivencia preexistente, en perjuicio de su sobrina. El Tribunal se encuentra compuesto por el Presidente Dr. Gustavo D\u00edaz; y las [&hellip;]<\/p>\n","protected":false},"author":3,"featured_media":2498,"comment_status":"open","ping_status":"open","sticky":false,"template":"","format":"standard","meta":{"_jetpack_memberships_contains_paid_content":false,"footnotes":""},"categories":[12],"tags":[],"class_list":["post-2497","post","type-post","status-publish","format-standard","has-post-thumbnail","hentry","category-judicial"],"jetpack_featured_media_url":"https:\/\/pasahoy.com.ar\/ph\/wp-content\/uploads\/2025\/06\/1000389511.png","jetpack_sharing_enabled":true,"_links":{"self":[{"href":"https:\/\/pasahoy.com.ar\/ph\/wp-json\/wp\/v2\/posts\/2497","targetHints":{"allow":["GET"]}}],"collection":[{"href":"https:\/\/pasahoy.com.ar\/ph\/wp-json\/wp\/v2\/posts"}],"about":[{"href":"https:\/\/pasahoy.com.ar\/ph\/wp-json\/wp\/v2\/types\/post"}],"author":[{"embeddable":true,"href":"https:\/\/pasahoy.com.ar\/ph\/wp-json\/wp\/v2\/users\/3"}],"replies":[{"embeddable":true,"href":"https:\/\/pasahoy.com.ar\/ph\/wp-json\/wp\/v2\/comments?post=2497"}],"version-history":[{"count":1,"href":"https:\/\/pasahoy.com.ar\/ph\/wp-json\/wp\/v2\/posts\/2497\/revisions"}],"predecessor-version":[{"id":2499,"href":"https:\/\/pasahoy.com.ar\/ph\/wp-json\/wp\/v2\/posts\/2497\/revisions\/2499"}],"wp:featuredmedia":[{"embeddable":true,"href":"https:\/\/pasahoy.com.ar\/ph\/wp-json\/wp\/v2\/media\/2498"}],"wp:attachment":[{"href":"https:\/\/pasahoy.com.ar\/ph\/wp-json\/wp\/v2\/media?parent=2497"}],"wp:term":[{"taxonomy":"category","embeddable":true,"href":"https:\/\/pasahoy.com.ar\/ph\/wp-json\/wp\/v2\/categories?post=2497"},{"taxonomy":"post_tag","embeddable":true,"href":"https:\/\/pasahoy.com.ar\/ph\/wp-json\/wp\/v2\/tags?post=2497"}],"curies":[{"name":"wp","href":"https:\/\/api.w.org\/{rel}","templated":true}]}}