{"id":2489,"date":"2025-06-02T16:37:36","date_gmt":"2025-06-02T16:37:36","guid":{"rendered":"https:\/\/pasahoy.com.ar\/ph\/?p=2489"},"modified":"2025-06-02T16:37:53","modified_gmt":"2025-06-02T16:37:53","slug":"los-octavos-de-la-libertadores-river-con-libertad-y-los-demas-argentinos-del-otro-lado-del-cuadro","status":"publish","type":"post","link":"https:\/\/pasahoy.com.ar\/ph\/los-octavos-de-la-libertadores-river-con-libertad-y-los-demas-argentinos-del-otro-lado-del-cuadro\/","title":{"rendered":"Los octavos de la Libertadores: River con Libertad y los dem\u00e1s argentinos del otro lado del cuadro"},"content":{"rendered":"\n<p>Qued\u00f3 definida la llave de la Copa: el Millo podr\u00eda ir ante un cuco en 4\u00b0 y Racing tiene ventaja de local\u00eda hasta una posible semi. <\/p>\n\n\n\n<p>El mapa de la\u00a0<a href=\"https:\/\/www.ole.com.ar\/tema\/copa-libertadores.html\">Copa Libertadores<\/a>\u00a0est\u00e1 definido rumbo a la gran final y la gloria eterna, como reza la Conmebol. Y en esa distribuci\u00f3n,\u00a0<a href=\"https:\/\/www.ole.com.ar\/tema\/river-plate.html\" target=\"_blank\" rel=\"noreferrer noopener\">River<\/a>\u00a0qued\u00f3 a un lado del cuadro y\u00a0<a href=\"https:\/\/www.ole.com.ar\/tema\/racing.html\" target=\"_blank\" rel=\"noreferrer noopener\">Racing<\/a>,<a href=\"https:\/\/www.ole.com.ar\/tema\/velez.html\" target=\"_blank\" rel=\"noreferrer noopener\">V\u00e9lez<\/a>\u00a0y\u00a0<a href=\"https:\/\/www.ole.com.ar\/tema\/estudiantes-de-la-plata.html\" target=\"_blank\" rel=\"noreferrer noopener\">Estudiantes<\/a>\u00a0terminaron del otro tomando como referencia a los equipos argentinos. Ese cuarteto que tendr\u00e1 rivales de distinto poder\u00edo y caminos tambi\u00e9n dis\u00edmiles en caso de seguir avanzando. <\/p>\n\n\n\n<p>En este sentido, River se fajar\u00e1 en octavos con Libertad de Paraguay y si pasa, ya perder\u00eda una eventual local\u00eda para la revancha si\u00a0<strong>Palmeiras supera a Universitario<\/strong>, ya que los paulistas fueron el mejor primero de la fase de grupos con puntaje ideal. Sin dudas, un cuco en el camino cercano del Millonario, con Abel Ferreira en el banco y un enorme poder\u00edo. Atl\u00e9tico Nacional-San Pablo y Botafogo-Liga de Quito van por la misma parte de la llave <\/p>\n\n\n\n<p>Libertad fue segundo de San Pablo en el grupo de Talleres, con nueve puntos. Dirigido por Sergio Aquino, fue campe\u00f3n del Apertura paraguayo y ya se clasific\u00f3 (con Platense) para la edici\u00f3n 2026 de la Copa. Como variantes de ofensiva, resaltan los veteranos Roque Santa Cruz y Tacuara Cardozo (43 y 42 a\u00f1os respectivamente). <\/p>\n\n\n\n<p>Del otro lado, el que termin\u00f3 el sorteo con buenos ojos fue\u00a0<strong>Racing, ya que tiene ventaja de local\u00eda hasta en una hipot\u00e9tica semifinal<\/strong>. Primero, tendr\u00e1 un enorme desaf\u00edo ante Pe\u00f1arol (que ya lo podr\u00e1 recibir con p\u00fablico tras cumplir una sanci\u00f3n). En caso de pasar, el rival de la Academia en cuartos ser\u00e1 Fortaleza o V\u00e9lez. El equipo de Guillermo Barros Schelotto definir\u00e1 la serie ante los de Vojvoda en Liniers. <\/p>\n\n\n\n<p>Mientras que Pe\u00f1arol fue segundo de V\u00e9lez, con la misma cantidad de puntos que el Fort\u00edn, Fortaleza secund\u00f3 a Racing. <\/p>\n\n\n\n<p>Estudiantes, por su parte, se las ver\u00e1 con el Cerro Porte\u00f1o que dirige Diego Mart\u00ednez y define en La Plata. Si pasa, enfrentar\u00e1 al ganador de Flamengo o Inter de Porto Alegre, nada menos (contra ambos ser\u00eda local en un cruce de cuartos de final). <\/p>\n\n\n\n<h2 class=\"wp-block-heading\"><strong>Las fechas<\/strong><\/h2>\n\n\n\n<p>Los partidos de ida de los octavos de final se disputar\u00e1n entre el 12 y el 14 de agosto, mientras que las revanchas ser\u00e1n entre el 19 y el 21 de dicho mes. Los cuartos de final, por su parte, se desarrolar\u00e1n entre el 16 y el 18 de septiembre (idas) y el 23 y 25 (revanchas). Las semifinales, en tanto, se desarrollar\u00e1n entre el 21 y 22 de octubre y el 28 y 29. Para llegar a la gran final, el s\u00e1bado 29 de noviembre en el estadio Monumental de Lima<\/p>\n\n\n\n<figure class=\"wp-block-gallery has-nested-images columns-default is-cropped wp-block-gallery-1 is-layout-flex wp-block-gallery-is-layout-flex\">\n<figure class=\"wp-block-image size-large\"><img loading=\"lazy\" decoding=\"async\" width=\"1024\" height=\"909\" data-id=\"2490\" src=\"https:\/\/pasahoy.com.ar\/ph\/wp-content\/uploads\/2025\/06\/1000389469-1024x909.png\" alt=\"\" class=\"wp-image-2490\" srcset=\"https:\/\/pasahoy.com.ar\/ph\/wp-content\/uploads\/2025\/06\/1000389469-1024x909.png 1024w, https:\/\/pasahoy.com.ar\/ph\/wp-content\/uploads\/2025\/06\/1000389469-300x266.png 300w, https:\/\/pasahoy.com.ar\/ph\/wp-content\/uploads\/2025\/06\/1000389469-768x682.png 768w, https:\/\/pasahoy.com.ar\/ph\/wp-content\/uploads\/2025\/06\/1000389469.png 1058w\" sizes=\"auto, (max-width: 1024px) 100vw, 1024px\" \/><\/figure>\n<\/figure>\n","protected":false},"excerpt":{"rendered":"<p>Qued\u00f3 definida la llave de la Copa: el Millo podr\u00eda ir ante un cuco en 4\u00b0 y Racing tiene ventaja de local\u00eda hasta una posible semi. El mapa de la\u00a0Copa Libertadores\u00a0est\u00e1 definido rumbo a la gran final y la gloria eterna, como reza la Conmebol. Y en esa distribuci\u00f3n,\u00a0River\u00a0qued\u00f3 a un lado del cuadro y\u00a0Racing,V\u00e9lez\u00a0y\u00a0Estudiantes\u00a0terminaron [&hellip;]<\/p>\n","protected":false},"author":3,"featured_media":2490,"comment_status":"open","ping_status":"open","sticky":false,"template":"","format":"standard","meta":{"_jetpack_memberships_contains_paid_content":false,"footnotes":""},"categories":[4],"tags":[],"class_list":["post-2489","post","type-post","status-publish","format-standard","has-post-thumbnail","hentry","category-deporte"],"jetpack_featured_media_url":"https:\/\/pasahoy.com.ar\/ph\/wp-content\/uploads\/2025\/06\/1000389469.png","jetpack_sharing_enabled":true,"_links":{"self":[{"href":"https:\/\/pasahoy.com.ar\/ph\/wp-json\/wp\/v2\/posts\/2489","targetHints":{"allow":["GET"]}}],"collection":[{"href":"https:\/\/pasahoy.com.ar\/ph\/wp-json\/wp\/v2\/posts"}],"about":[{"href":"https:\/\/pasahoy.com.ar\/ph\/wp-json\/wp\/v2\/types\/post"}],"author":[{"embeddable":true,"href":"https:\/\/pasahoy.com.ar\/ph\/wp-json\/wp\/v2\/users\/3"}],"replies":[{"embeddable":true,"href":"https:\/\/pasahoy.com.ar\/ph\/wp-json\/wp\/v2\/comments?post=2489"}],"version-history":[{"count":1,"href":"https:\/\/pasahoy.com.ar\/ph\/wp-json\/wp\/v2\/posts\/2489\/revisions"}],"predecessor-version":[{"id":2491,"href":"https:\/\/pasahoy.com.ar\/ph\/wp-json\/wp\/v2\/posts\/2489\/revisions\/2491"}],"wp:featuredmedia":[{"embeddable":true,"href":"https:\/\/pasahoy.com.ar\/ph\/wp-json\/wp\/v2\/media\/2490"}],"wp:attachment":[{"href":"https:\/\/pasahoy.com.ar\/ph\/wp-json\/wp\/v2\/media?parent=2489"}],"wp:term":[{"taxonomy":"category","embeddable":true,"href":"https:\/\/pasahoy.com.ar\/ph\/wp-json\/wp\/v2\/categories?post=2489"},{"taxonomy":"post_tag","embeddable":true,"href":"https:\/\/pasahoy.com.ar\/ph\/wp-json\/wp\/v2\/tags?post=2489"}],"curies":[{"name":"wp","href":"https:\/\/api.w.org\/{rel}","templated":true}]}}