{"id":2485,"date":"2025-06-02T16:31:09","date_gmt":"2025-06-02T16:31:09","guid":{"rendered":"https:\/\/pasahoy.com.ar\/ph\/?p=2485"},"modified":"2025-06-02T16:31:09","modified_gmt":"2025-06-02T16:31:09","slug":"capacitan-a-docentes-y-familias-en-toda-la-provincia-para-prevenir-el-grooming","status":"publish","type":"post","link":"https:\/\/pasahoy.com.ar\/ph\/capacitan-a-docentes-y-familias-en-toda-la-provincia-para-prevenir-el-grooming\/","title":{"rendered":"Capacitan a docentes y familias en toda la Provincia para prevenir el grooming"},"content":{"rendered":"\n<p><em>La Gu\u00eda Provincial de Prevenci\u00f3n del Grooming se implementa en encuentros con docentes, directivos, familias y equipos escolares. La iniciativa, impulsada por la Secretar\u00eda de Planeamiento que encabeza Vanesa Navarro, se articula con la Unidad Ejecutora contra la Ciberdelincuencia a cargo de la Dra. Silvina Sant\u00e1ngelo Carrizo.<\/em><\/p>\n\n\n\n<figure class=\"wp-block-gallery has-nested-images columns-default is-cropped wp-block-gallery-1 is-layout-flex wp-block-gallery-is-layout-flex\">\n<figure class=\"wp-block-image size-large\"><img loading=\"lazy\" decoding=\"async\" width=\"1024\" height=\"684\" data-id=\"2487\" src=\"https:\/\/pasahoy.com.ar\/ph\/wp-content\/uploads\/2025\/06\/1000389447-1024x684.jpg\" alt=\"\" class=\"wp-image-2487\" srcset=\"https:\/\/pasahoy.com.ar\/ph\/wp-content\/uploads\/2025\/06\/1000389447-1024x684.jpg 1024w, https:\/\/pasahoy.com.ar\/ph\/wp-content\/uploads\/2025\/06\/1000389447-300x200.jpg 300w, https:\/\/pasahoy.com.ar\/ph\/wp-content\/uploads\/2025\/06\/1000389447-768x513.jpg 768w, https:\/\/pasahoy.com.ar\/ph\/wp-content\/uploads\/2025\/06\/1000389447-1536x1026.jpg 1536w, https:\/\/pasahoy.com.ar\/ph\/wp-content\/uploads\/2025\/06\/1000389447.jpg 1600w\" sizes=\"auto, (max-width: 1024px) 100vw, 1024px\" \/><\/figure>\n\n\n\n<figure class=\"wp-block-image size-large\"><img loading=\"lazy\" decoding=\"async\" width=\"1024\" height=\"684\" data-id=\"2486\" src=\"https:\/\/pasahoy.com.ar\/ph\/wp-content\/uploads\/2025\/06\/1000389446-1024x684.jpg\" alt=\"\" class=\"wp-image-2486\" srcset=\"https:\/\/pasahoy.com.ar\/ph\/wp-content\/uploads\/2025\/06\/1000389446-1024x684.jpg 1024w, https:\/\/pasahoy.com.ar\/ph\/wp-content\/uploads\/2025\/06\/1000389446-300x200.jpg 300w, https:\/\/pasahoy.com.ar\/ph\/wp-content\/uploads\/2025\/06\/1000389446-768x513.jpg 768w, https:\/\/pasahoy.com.ar\/ph\/wp-content\/uploads\/2025\/06\/1000389446-1536x1026.jpg 1536w, https:\/\/pasahoy.com.ar\/ph\/wp-content\/uploads\/2025\/06\/1000389446.jpg 1600w\" sizes=\"auto, (max-width: 1024px) 100vw, 1024px\" \/><\/figure>\n<\/figure>\n\n\n\n<p>Con el objetivo de abordar la problem\u00e1tica del grooming a partir de situaciones reales que atraviesan cotidianamente las escuelas, el Ministerio de Educaci\u00f3n, a trav\u00e9s de la Secretar\u00eda de Planeamiento, puso en marcha un trayecto formativo con encuentros presenciales que cuentan con inter\u00e9s educativo y puntaje docente. La propuesta es desarrollada por el equipo ESI\u2013Convivencia Escolar, en articulaci\u00f3n con la doctora Silvina Sant\u00e1ngelo Carrizo, titular de la Unidad Ejecutora contra la Ciberdelincuencia (UECI).<br>El ciclo comenz\u00f3 en la localidad de Villa Uni\u00f3n, donde m\u00e1s de 280 personas -entre docentes, preceptores, supervisores, directivos, equipos interdisciplinarios y familias- participaron del primer encuentro. El objetivo fue profundizar el contenido de la Gu\u00eda de Prevenci\u00f3n y Concientizaci\u00f3n ante situaciones de Grooming en instituciones educativas, y conocer herramientas y estrategias de abordaje tanto desde la dimensi\u00f3n pedag\u00f3gica como desde el enfoque legal vinculado al ciberdelito. Este trayecto continuar\u00e1 durante el primer semestre de 2025 en Aimogasta y Chilecito.<\/p>\n\n\n\n<p><em>Un riesgo que hay que prevenir<\/em><br>En un contexto donde las tecnolog\u00edas de la informaci\u00f3n y la comunicaci\u00f3n atraviesan la vida cotidiana y escolar, y donde las redes sociales se han vuelto espacios clave de socializaci\u00f3n, el grooming (acoso sexual a menores a trav\u00e9s de medios digitales) se presenta como un riesgo urgente que debe ser prevenido.<br>La gu\u00eda, elaborada por el Ministerio de Educaci\u00f3n de La Rioja a trav\u00e9s del Programa de Convivencia Escolar del equipo central de ESI, en articulaci\u00f3n con el Ministerio de Seguridad, Justicia y Derechos Humanos, ofrece herramientas concretas a la comunidad educativa. Fue presentada oficialmente el 13 de noviembre de 2024 y est\u00e1 destinada a docentes, equipos directivos y familias, con el objetivo de promover una ciudadan\u00eda digital segura, cr\u00edtica y respetuosa.<br>Desde el Programa de Convivencia Escolar se remarca el rol central de la escuela en la detecci\u00f3n, prevenci\u00f3n y restituci\u00f3n de derechos cuando se vulneran la privacidad, la integridad o la dignidad de ni\u00f1as, ni\u00f1os y adolescentes en entornos digitales. La Ley N.\u00ba 26.061 establece que todo miembro de una instituci\u00f3n escolar tiene el deber de comunicar este tipo de situaciones a las autoridades competentes.<br>El documento tambi\u00e9n propone orientaciones para un abordaje articulado e interdisciplinario entre los distintos actores escolares y organismos estatales. En este sentido, se destaca la importancia de la L\u00ednea 102, un canal gratuito de atenci\u00f3n a ni\u00f1as, ni\u00f1os y adolescentes, disponible en todas las provincias.<br>\u201cLa palabra, la escucha atenta y el acompa\u00f1amiento son claves para hacer frente a estas situaciones. No podemos permitir que el silencio pedag\u00f3gico se imponga frente a la violencia digital\u201d, se\u00f1alaron desde el equipo.<br>La gu\u00eda est\u00e1 disponible en formato digital, con enlaces \u00fatiles para su consulta por parte de docentes, familias y p\u00fablico en general.<\/p>\n\n\n\n<p><em>\u201cNo podemos seguir mirando para otro lado\u201d<\/em><br>La titular de la UECI, Dra. Silvina Sant\u00e1ngelo Carrizo, advirti\u00f3 sobre la creciente naturalizaci\u00f3n de la violencia digital en los entornos escolares y sociales, y llam\u00f3 a actuar de manera urgente y colectiva. \u201cLas escuelas est\u00e1n repletas de ciberbullying y de la creaci\u00f3n de contenidos de deepfake sexuales de varones contra mujeres. Est\u00e1 pasando y estamos hablando de la vida de personas, de derechos humanos\u201d, asegur\u00f3<br>Asimismo, Sant\u00e1ngelo vincul\u00f3 estos hechos con la radicalizaci\u00f3n ideol\u00f3gica y el resurgimiento de discursos machistas extremos al afirmar que \u201cesa radicalizaci\u00f3n que profesan las derechas extremas, a partir de un machismo supuestamente despojado de su poder real, va formando ideas err\u00f3neas en los chicos que se est\u00e1n formando\u201d. De igual manera, reflexion\u00f3 sobre el rol de las familias frente al desaf\u00edo de acompa\u00f1ar las infancias y juventudes en el mundo digital, sobre lo que sostuvo que \u201cen casa muchas veces no tenemos tiempo de explicar, porque estamos ocupados o porque desconocemos. Pero hay que rever esas masculinidades que se reflejan en las plataformas digitales para que no sean violentas\u201d.<br>La especialista advirti\u00f3 que muchos adolescentes replican contenidos violentos o discriminatorios simplemente porque \u201ceso es lo masivo\u201d, advirti\u00f3 y remarco que \u201cen La Rioja ya hemos reconocido constitucionalmente, a partir de la \u00faltima reforma, a las nuevas adicciones de esta era, como la adicci\u00f3n a las tecnolog\u00edas. El aislamiento es una de ellas. De la soledad pasan al aislamiento, a la frustraci\u00f3n, y luego eso se convierte en violencia. El discurso de odio permanente nos parece normal. Pero no se comprende que nuestros adolescentes, nuestros chicos, con esta exposici\u00f3n, pueden explotar de una forma en la que los desconozcamos\u00bb.<br>Finalmente, Sant\u00e1ngelo fue contundente en su pedido de que \u00abprestemos atenci\u00f3n a lo que los chicos consumen en Internet. No podemos dejarlos solos. No podemos seguir desoyendo ni mirando para otro lado. Las redes sociales tienen un poder de penetraci\u00f3n en la salud mental de chicos, adolescentes y adultos. La \u00fanica manera de abordar esto es juntos.\u201d<\/p>\n\n\n\n<p><em>Orientaciones para intervenir ante casos de grooming<\/em><br>La escuela, como espacio clave en la socializaci\u00f3n de ni\u00f1as, ni\u00f1os y adolescentes, cumple un rol fundamental en la prevenci\u00f3n y el abordaje del grooming. Las acciones sugeridas incluyen:<\/p>\n\n\n\n<ul class=\"wp-block-list\">\n<li>Trabajo en equipo dentro de la instituci\u00f3n, involucrando a docentes, directivos, preceptores, personal administrativo y de servicios generales.<\/li>\n\n\n\n<li>Asesoramiento con equipos de orientaci\u00f3n escolar y referentes de ESI, para un acompa\u00f1amiento adecuado y coordinado.<\/li>\n\n\n\n<li>Articulaci\u00f3n intersectorial con organismos de protecci\u00f3n de derechos y servicios de salud, adaptado a la realidad institucional de cada comunidad.<\/li>\n\n\n\n<li>Denuncia obligatoria ante el Ministerio P\u00fablico Fiscal o la comisar\u00eda, en situaciones de peligro o delito. Si no hay un adulto responsable, la instituci\u00f3n escolar debe asumir ese rol.<\/li>\n\n\n\n<li>Uso de la L\u00ednea 102, un canal especializado en atenci\u00f3n y denuncia de vulneraciones a los derechos de ni\u00f1as, ni\u00f1os y adolescentes.<\/li>\n<\/ul>\n","protected":false},"excerpt":{"rendered":"<p>La Gu\u00eda Provincial de Prevenci\u00f3n del Grooming se implementa en encuentros con docentes, directivos, familias y equipos escolares. La iniciativa, impulsada por la Secretar\u00eda de Planeamiento que encabeza Vanesa Navarro, se articula con la Unidad Ejecutora contra la Ciberdelincuencia a cargo de la Dra. Silvina Sant\u00e1ngelo Carrizo. Con el objetivo de abordar la problem\u00e1tica del [&hellip;]<\/p>\n","protected":false},"author":3,"featured_media":2487,"comment_status":"open","ping_status":"open","sticky":false,"template":"","format":"standard","meta":{"_jetpack_memberships_contains_paid_content":false,"footnotes":""},"categories":[1],"tags":[],"class_list":["post-2485","post","type-post","status-publish","format-standard","has-post-thumbnail","hentry","category-local"],"jetpack_featured_media_url":"https:\/\/pasahoy.com.ar\/ph\/wp-content\/uploads\/2025\/06\/1000389447.jpg","jetpack_sharing_enabled":true,"_links":{"self":[{"href":"https:\/\/pasahoy.com.ar\/ph\/wp-json\/wp\/v2\/posts\/2485","targetHints":{"allow":["GET"]}}],"collection":[{"href":"https:\/\/pasahoy.com.ar\/ph\/wp-json\/wp\/v2\/posts"}],"about":[{"href":"https:\/\/pasahoy.com.ar\/ph\/wp-json\/wp\/v2\/types\/post"}],"author":[{"embeddable":true,"href":"https:\/\/pasahoy.com.ar\/ph\/wp-json\/wp\/v2\/users\/3"}],"replies":[{"embeddable":true,"href":"https:\/\/pasahoy.com.ar\/ph\/wp-json\/wp\/v2\/comments?post=2485"}],"version-history":[{"count":1,"href":"https:\/\/pasahoy.com.ar\/ph\/wp-json\/wp\/v2\/posts\/2485\/revisions"}],"predecessor-version":[{"id":2488,"href":"https:\/\/pasahoy.com.ar\/ph\/wp-json\/wp\/v2\/posts\/2485\/revisions\/2488"}],"wp:featuredmedia":[{"embeddable":true,"href":"https:\/\/pasahoy.com.ar\/ph\/wp-json\/wp\/v2\/media\/2487"}],"wp:attachment":[{"href":"https:\/\/pasahoy.com.ar\/ph\/wp-json\/wp\/v2\/media?parent=2485"}],"wp:term":[{"taxonomy":"category","embeddable":true,"href":"https:\/\/pasahoy.com.ar\/ph\/wp-json\/wp\/v2\/categories?post=2485"},{"taxonomy":"post_tag","embeddable":true,"href":"https:\/\/pasahoy.com.ar\/ph\/wp-json\/wp\/v2\/tags?post=2485"}],"curies":[{"name":"wp","href":"https:\/\/api.w.org\/{rel}","templated":true}]}}