{"id":2399,"date":"2025-05-29T23:25:30","date_gmt":"2025-05-29T23:25:30","guid":{"rendered":"https:\/\/pasahoy.com.ar\/ph\/?p=2399"},"modified":"2025-05-29T23:25:30","modified_gmt":"2025-05-29T23:25:30","slug":"nuestra-prioridad-es-la-gente-y-no-vamos-a-dejar-de-acompanarla","status":"publish","type":"post","link":"https:\/\/pasahoy.com.ar\/ph\/nuestra-prioridad-es-la-gente-y-no-vamos-a-dejar-de-acompanarla\/","title":{"rendered":"\u201cNuestra prioridad es la gente, y no vamos a dejar de acompa\u00f1arla\u201d"},"content":{"rendered":"\n<p>La vicegobernadora Teresita Madera destac\u00f3 el compromiso del gobierno provincial con el bienestar de las familias riojanas, en un contexto econ\u00f3mico adverso marcado por la falta de recursos provenientes de Naci\u00f3n.<\/p>\n\n\n\n<figure class=\"wp-block-gallery has-nested-images columns-default is-cropped wp-block-gallery-1 is-layout-flex wp-block-gallery-is-layout-flex\">\n<figure class=\"wp-block-image size-large\"><img loading=\"lazy\" decoding=\"async\" width=\"1024\" height=\"684\" data-id=\"2400\" src=\"https:\/\/pasahoy.com.ar\/ph\/wp-content\/uploads\/2025\/05\/1000380454-1024x684.jpg\" alt=\"\" class=\"wp-image-2400\" srcset=\"https:\/\/pasahoy.com.ar\/ph\/wp-content\/uploads\/2025\/05\/1000380454-1024x684.jpg 1024w, https:\/\/pasahoy.com.ar\/ph\/wp-content\/uploads\/2025\/05\/1000380454-300x200.jpg 300w, https:\/\/pasahoy.com.ar\/ph\/wp-content\/uploads\/2025\/05\/1000380454-768x513.jpg 768w, https:\/\/pasahoy.com.ar\/ph\/wp-content\/uploads\/2025\/05\/1000380454-1536x1025.jpg 1536w, https:\/\/pasahoy.com.ar\/ph\/wp-content\/uploads\/2025\/05\/1000380454.jpg 1600w\" sizes=\"auto, (max-width: 1024px) 100vw, 1024px\" \/><\/figure>\n<\/figure>\n\n\n\n<p>\u201cEstamos en un momento cr\u00edtico, donde hay que priorizar, y eso se nota, las obras avanzan m\u00e1s lento; pero venimos administrando con responsabilidad, para garantizar el funcionamiento de salud, educaci\u00f3n; seguimos gestionando con una convicci\u00f3n firme: la prioridad es la gente\u201d, afirm\u00f3 Madera.<\/p>\n\n\n\n<p>En ese sentido, remarc\u00f3 que a pesar de la falta de acompa\u00f1amiento del gobierno nacional a las provincias, La Rioja garantiza el pago de sueldos, el medio aguinaldo, la coparticipaci\u00f3n municipal y el funcionamiento de los servicios esenciales.<\/p>\n","protected":false},"excerpt":{"rendered":"<p>La vicegobernadora Teresita Madera destac\u00f3 el compromiso del gobierno provincial con el bienestar de las familias riojanas, en un contexto econ\u00f3mico adverso marcado por la falta de recursos provenientes de Naci\u00f3n. \u201cEstamos en un momento cr\u00edtico, donde hay que priorizar, y eso se nota, las obras avanzan m\u00e1s lento; pero venimos administrando con responsabilidad, para [&hellip;]<\/p>\n","protected":false},"author":3,"featured_media":2400,"comment_status":"open","ping_status":"open","sticky":false,"template":"","format":"standard","meta":{"_jetpack_memberships_contains_paid_content":false,"footnotes":""},"categories":[1],"tags":[],"class_list":["post-2399","post","type-post","status-publish","format-standard","has-post-thumbnail","hentry","category-local"],"jetpack_featured_media_url":"https:\/\/pasahoy.com.ar\/ph\/wp-content\/uploads\/2025\/05\/1000380454.jpg","jetpack_sharing_enabled":true,"_links":{"self":[{"href":"https:\/\/pasahoy.com.ar\/ph\/wp-json\/wp\/v2\/posts\/2399","targetHints":{"allow":["GET"]}}],"collection":[{"href":"https:\/\/pasahoy.com.ar\/ph\/wp-json\/wp\/v2\/posts"}],"about":[{"href":"https:\/\/pasahoy.com.ar\/ph\/wp-json\/wp\/v2\/types\/post"}],"author":[{"embeddable":true,"href":"https:\/\/pasahoy.com.ar\/ph\/wp-json\/wp\/v2\/users\/3"}],"replies":[{"embeddable":true,"href":"https:\/\/pasahoy.com.ar\/ph\/wp-json\/wp\/v2\/comments?post=2399"}],"version-history":[{"count":1,"href":"https:\/\/pasahoy.com.ar\/ph\/wp-json\/wp\/v2\/posts\/2399\/revisions"}],"predecessor-version":[{"id":2401,"href":"https:\/\/pasahoy.com.ar\/ph\/wp-json\/wp\/v2\/posts\/2399\/revisions\/2401"}],"wp:featuredmedia":[{"embeddable":true,"href":"https:\/\/pasahoy.com.ar\/ph\/wp-json\/wp\/v2\/media\/2400"}],"wp:attachment":[{"href":"https:\/\/pasahoy.com.ar\/ph\/wp-json\/wp\/v2\/media?parent=2399"}],"wp:term":[{"taxonomy":"category","embeddable":true,"href":"https:\/\/pasahoy.com.ar\/ph\/wp-json\/wp\/v2\/categories?post=2399"},{"taxonomy":"post_tag","embeddable":true,"href":"https:\/\/pasahoy.com.ar\/ph\/wp-json\/wp\/v2\/tags?post=2399"}],"curies":[{"name":"wp","href":"https:\/\/api.w.org\/{rel}","templated":true}]}}