{"id":2394,"date":"2025-05-29T21:35:40","date_gmt":"2025-05-29T21:35:40","guid":{"rendered":"https:\/\/pasahoy.com.ar\/ph\/?p=2394"},"modified":"2025-05-29T21:35:52","modified_gmt":"2025-05-29T21:35:52","slug":"rosario-central-anuncio-la-vuelta-de-angel-di-maria-bienvenido-a-casa","status":"publish","type":"post","link":"https:\/\/pasahoy.com.ar\/ph\/rosario-central-anuncio-la-vuelta-de-angel-di-maria-bienvenido-a-casa\/","title":{"rendered":"Rosario Central anunci\u00f3 la vuelta de \u00c1ngel Di Mar\u00eda: \u201cBienvenido a casa\u201d"},"content":{"rendered":"\n<p>El Canalla confirm\u00f3 el regreso de Fideo con un emotivo video a trav\u00e9s de sus redes sociales.<\/p>\n\n\n\n<p><strong>\u00c1ngel Di Mar\u00eda vuelve a Rosario Central<\/strong>. As\u00ed\u00a0<a href=\"https:\/\/tn.com.ar\/deportes\/futbol\/2025\/05\/29\/angel-di-maria-esta-en-rosario-y-en-central-se-ilusionan-con-su-posible-regreso-al-canalla\/\" target=\"_blank\" rel=\"noreferrer noopener\">lo anunci\u00f3 el club a trav\u00e9s de su cuenta oficial de\u00a0<em>X<\/em><\/a>, donde le dio la bienvenida con un c\u00e1lido mensaje:\u00a0<strong>\u201cNuestra historia juntos tiene m\u00e1s p\u00e1ginas por escribir. Bienvenido a casa\u201d<\/strong>. <\/p>\n\n\n\n<p>En las \u00faltimas horas se hab\u00edan confirmado los primeros contactos entre el delantero y el Canalla para concretar el tan ansiado regreso de \u201cFideo\u201d al f\u00fatbol argentino. Finalmente, el rumor se convirti\u00f3 en una realidad y Di Mar\u00eda sell\u00f3 el acuerdo con la dirigencia en Funes, Santa Fe.<\/p>\n\n\n\n<p>El atacante de 37 a\u00f1os participar\u00e1 del&nbsp;<strong>Mundial de Clubes&nbsp;<\/strong>con Benfica y luego emprender\u00e1 viaje a Rosario para ser presentado oficialmente en la Academia. Su contrato con el club portugu\u00e9s vence el pr\u00f3ximo 30 de junio y quedar\u00e1 libre para volver a Central.<\/p>\n\n\n\n<p>\u00a0<strong>Di Mar\u00eda firmar\u00e1 por un a\u00f1o con el Canalla\u00a0<\/strong>con una opci\u00f3n para extender el contrato por una temporada m\u00e1s. Al llegar al pa\u00eds, se tomar\u00e1 una semana de descanso antes de ponerse a entrenar junto al plantel. Llevar\u00e1 la camiseta n\u00b011.<\/p>\n\n\n\n<p>El \u201cFideo\u201d disput\u00f3 un total de\u00a0<strong>39 partidos<\/strong>\u00a0en Rosario Central y convirti\u00f3\u00a0<strong>seis goles<\/strong>\u00a0antes de ser vendido al Benfica en junio de 2007. Pasaron 18 a\u00f1os desde la \u00faltima vez que jug\u00f3 en Arroyito.<\/p>\n\n\n\n<figure class=\"wp-block-gallery has-nested-images columns-default is-cropped wp-block-gallery-1 is-layout-flex wp-block-gallery-is-layout-flex\">\n<figure class=\"wp-block-image size-large\"><img loading=\"lazy\" decoding=\"async\" width=\"722\" height=\"1024\" data-id=\"2397\" src=\"https:\/\/pasahoy.com.ar\/ph\/wp-content\/uploads\/2025\/05\/1000380566-722x1024.png\" alt=\"\" class=\"wp-image-2397\" srcset=\"https:\/\/pasahoy.com.ar\/ph\/wp-content\/uploads\/2025\/05\/1000380566-722x1024.png 722w, https:\/\/pasahoy.com.ar\/ph\/wp-content\/uploads\/2025\/05\/1000380566-212x300.png 212w, https:\/\/pasahoy.com.ar\/ph\/wp-content\/uploads\/2025\/05\/1000380566-768x1089.png 768w, https:\/\/pasahoy.com.ar\/ph\/wp-content\/uploads\/2025\/05\/1000380566.png 935w\" sizes=\"auto, (max-width: 722px) 100vw, 722px\" \/><\/figure>\n\n\n\n<figure class=\"wp-block-image size-large\"><img loading=\"lazy\" decoding=\"async\" width=\"1024\" height=\"608\" data-id=\"2396\" src=\"https:\/\/pasahoy.com.ar\/ph\/wp-content\/uploads\/2025\/05\/1000380564-1024x608.png\" alt=\"\" class=\"wp-image-2396\" srcset=\"https:\/\/pasahoy.com.ar\/ph\/wp-content\/uploads\/2025\/05\/1000380564-1024x608.png 1024w, https:\/\/pasahoy.com.ar\/ph\/wp-content\/uploads\/2025\/05\/1000380564-300x178.png 300w, https:\/\/pasahoy.com.ar\/ph\/wp-content\/uploads\/2025\/05\/1000380564-768x456.png 768w, https:\/\/pasahoy.com.ar\/ph\/wp-content\/uploads\/2025\/05\/1000380564.png 1038w\" sizes=\"auto, (max-width: 1024px) 100vw, 1024px\" \/><\/figure>\n\n\n\n<figure class=\"wp-block-image size-large\"><img loading=\"lazy\" decoding=\"async\" width=\"912\" height=\"542\" data-id=\"2395\" src=\"https:\/\/pasahoy.com.ar\/ph\/wp-content\/uploads\/2025\/05\/1000380563.png\" alt=\"\" class=\"wp-image-2395\" srcset=\"https:\/\/pasahoy.com.ar\/ph\/wp-content\/uploads\/2025\/05\/1000380563.png 912w, https:\/\/pasahoy.com.ar\/ph\/wp-content\/uploads\/2025\/05\/1000380563-300x178.png 300w, https:\/\/pasahoy.com.ar\/ph\/wp-content\/uploads\/2025\/05\/1000380563-768x456.png 768w\" sizes=\"auto, (max-width: 912px) 100vw, 912px\" \/><\/figure>\n<\/figure>\n","protected":false},"excerpt":{"rendered":"<p>El Canalla confirm\u00f3 el regreso de Fideo con un emotivo video a trav\u00e9s de sus redes sociales. \u00c1ngel Di Mar\u00eda vuelve a Rosario Central. As\u00ed\u00a0lo anunci\u00f3 el club a trav\u00e9s de su cuenta oficial de\u00a0X, donde le dio la bienvenida con un c\u00e1lido mensaje:\u00a0\u201cNuestra historia juntos tiene m\u00e1s p\u00e1ginas por escribir. Bienvenido a casa\u201d. En [&hellip;]<\/p>\n","protected":false},"author":3,"featured_media":2397,"comment_status":"open","ping_status":"open","sticky":false,"template":"","format":"standard","meta":{"_jetpack_memberships_contains_paid_content":false,"footnotes":""},"categories":[4],"tags":[],"class_list":["post-2394","post","type-post","status-publish","format-standard","has-post-thumbnail","hentry","category-deporte"],"jetpack_featured_media_url":"https:\/\/pasahoy.com.ar\/ph\/wp-content\/uploads\/2025\/05\/1000380566.png","jetpack_sharing_enabled":true,"_links":{"self":[{"href":"https:\/\/pasahoy.com.ar\/ph\/wp-json\/wp\/v2\/posts\/2394","targetHints":{"allow":["GET"]}}],"collection":[{"href":"https:\/\/pasahoy.com.ar\/ph\/wp-json\/wp\/v2\/posts"}],"about":[{"href":"https:\/\/pasahoy.com.ar\/ph\/wp-json\/wp\/v2\/types\/post"}],"author":[{"embeddable":true,"href":"https:\/\/pasahoy.com.ar\/ph\/wp-json\/wp\/v2\/users\/3"}],"replies":[{"embeddable":true,"href":"https:\/\/pasahoy.com.ar\/ph\/wp-json\/wp\/v2\/comments?post=2394"}],"version-history":[{"count":1,"href":"https:\/\/pasahoy.com.ar\/ph\/wp-json\/wp\/v2\/posts\/2394\/revisions"}],"predecessor-version":[{"id":2398,"href":"https:\/\/pasahoy.com.ar\/ph\/wp-json\/wp\/v2\/posts\/2394\/revisions\/2398"}],"wp:featuredmedia":[{"embeddable":true,"href":"https:\/\/pasahoy.com.ar\/ph\/wp-json\/wp\/v2\/media\/2397"}],"wp:attachment":[{"href":"https:\/\/pasahoy.com.ar\/ph\/wp-json\/wp\/v2\/media?parent=2394"}],"wp:term":[{"taxonomy":"category","embeddable":true,"href":"https:\/\/pasahoy.com.ar\/ph\/wp-json\/wp\/v2\/categories?post=2394"},{"taxonomy":"post_tag","embeddable":true,"href":"https:\/\/pasahoy.com.ar\/ph\/wp-json\/wp\/v2\/tags?post=2394"}],"curies":[{"name":"wp","href":"https:\/\/api.w.org\/{rel}","templated":true}]}}