{"id":2391,"date":"2025-05-29T18:04:39","date_gmt":"2025-05-29T18:04:39","guid":{"rendered":"https:\/\/pasahoy.com.ar\/ph\/?p=2391"},"modified":"2025-05-29T18:04:57","modified_gmt":"2025-05-29T18:04:57","slug":"la-justicia-condeno-a-un-hombre-a-prision-efectiva-por-robar-en-un-local-de-prendas-de-vestir","status":"publish","type":"post","link":"https:\/\/pasahoy.com.ar\/ph\/la-justicia-condeno-a-un-hombre-a-prision-efectiva-por-robar-en-un-local-de-prendas-de-vestir\/","title":{"rendered":"LA JUSTICIA CONDEN\u00d3 A UN HOMBRE A PRISI\u00d3N EFECTIVA POR ROBAR EN UN LOCAL DE PRENDAS DE VESTIR"},"content":{"rendered":"\n<p>La C\u00e1mara Tercera en lo Criminal y Correccional de la Primera Circunscripci\u00f3n Judicial, con sede en la ciudad de La Rioja, a trav\u00e9s de su Sala Unipersonal a cargo del juez Dr. Ra\u00fal Gustavo D\u00edaz, resolvi\u00f3 condenar a Juan Ram\u00f3n Luna a la pena de 1 a\u00f1o y 2 meses de prisi\u00f3n efectiva por el delito de robo, en perjuicio de una comerciante.<\/p>\n\n\n\n<figure class=\"wp-block-gallery has-nested-images columns-default is-cropped wp-block-gallery-1 is-layout-flex wp-block-gallery-is-layout-flex\">\n<figure class=\"wp-block-image size-large\"><img loading=\"lazy\" decoding=\"async\" width=\"842\" height=\"556\" data-id=\"2392\" src=\"https:\/\/pasahoy.com.ar\/ph\/wp-content\/uploads\/2025\/05\/1000380030.png\" alt=\"\" class=\"wp-image-2392\" srcset=\"https:\/\/pasahoy.com.ar\/ph\/wp-content\/uploads\/2025\/05\/1000380030.png 842w, https:\/\/pasahoy.com.ar\/ph\/wp-content\/uploads\/2025\/05\/1000380030-300x198.png 300w, https:\/\/pasahoy.com.ar\/ph\/wp-content\/uploads\/2025\/05\/1000380030-768x507.png 768w\" sizes=\"auto, (max-width: 842px) 100vw, 842px\" \/><\/figure>\n<\/figure>\n\n\n\n<p>En el marco de un juicio abreviado, Juan Ram\u00f3n Luna, de 35 a\u00f1os, fue declarado autor penalmente responsable del delito de robo, previsto en el art\u00edculo 164 del C\u00f3digo Penal, por un hecho ocurrido el 11 de julio de 2024, en un local comercial ubicado en el barrio Evita de la capital riojana. La v\u00edctima, una comerciante de 37 a\u00f1os, relat\u00f3 que mientras atend\u00eda su negocio, un hombre ingres\u00f3 simulando inter\u00e9s por prendas de vestir y, tras una breve conversaci\u00f3n, la agredi\u00f3 con un casco en el rostro, sustrajo su tel\u00e9fono celular y se dio a la fuga en una motocicleta conducida por otra persona.<\/p>\n\n\n\n<p>El acusado, quien ya cumpl\u00eda detenci\u00f3n preventiva desde el 23 de julio de 2024, reconoci\u00f3 los hechos imputados y accedi\u00f3 al procedimiento de juicio abreviado. Durante la audiencia, celebrada de manera virtual mediante la plataforma Zoom, participaron el fiscal Dr. Jos\u00e9 Oliveros Icazatti y la defensora p\u00fablica Dra. Yanina Galeote, en representaci\u00f3n de la Defensa Penal P\u00fablica.<\/p>\n\n\n\n<p>Al momento de dictar sentencia, el tribunal tuvo en cuenta los antecedentes penales del acusado, quien ya hab\u00eda sido condenado en dos oportunidades anteriores por hechos similares, la \u00faltima de ellas en 2022, lo que motiv\u00f3 que se lo declarara reincidente por segunda vez. La pena impuesta ser\u00e1 cumplida en el Servicio Penitenciario Provincial, donde el condenado permanece alojado.<\/p>\n\n\n\n<p>Asimismo, se dispuso la realizaci\u00f3n de un tratamiento obligatorio de rehabilitaci\u00f3n por su condici\u00f3n de adicci\u00f3n, el decomiso de elementos utilizados en el hecho y la aplicaci\u00f3n de las costas del proceso. Tambi\u00e9n se dio intervenci\u00f3n a la Unidad de Asistencia a la V\u00edctima, en cumplimiento de la Ley Provincial N.\u00ba 10.185, para que la v\u00edctima sea debidamente informada sobre futuras medidas que pudieran modificar el r\u00e9gimen de cumplimiento de la pena.<\/p>\n","protected":false},"excerpt":{"rendered":"<p>La C\u00e1mara Tercera en lo Criminal y Correccional de la Primera Circunscripci\u00f3n Judicial, con sede en la ciudad de La Rioja, a trav\u00e9s de su Sala Unipersonal a cargo del juez Dr. Ra\u00fal Gustavo D\u00edaz, resolvi\u00f3 condenar a Juan Ram\u00f3n Luna a la pena de 1 a\u00f1o y 2 meses de prisi\u00f3n efectiva por el [&hellip;]<\/p>\n","protected":false},"author":3,"featured_media":2392,"comment_status":"open","ping_status":"open","sticky":false,"template":"","format":"standard","meta":{"_jetpack_memberships_contains_paid_content":false,"footnotes":""},"categories":[12],"tags":[],"class_list":["post-2391","post","type-post","status-publish","format-standard","has-post-thumbnail","hentry","category-judicial"],"jetpack_featured_media_url":"https:\/\/pasahoy.com.ar\/ph\/wp-content\/uploads\/2025\/05\/1000380030.png","jetpack_sharing_enabled":true,"_links":{"self":[{"href":"https:\/\/pasahoy.com.ar\/ph\/wp-json\/wp\/v2\/posts\/2391","targetHints":{"allow":["GET"]}}],"collection":[{"href":"https:\/\/pasahoy.com.ar\/ph\/wp-json\/wp\/v2\/posts"}],"about":[{"href":"https:\/\/pasahoy.com.ar\/ph\/wp-json\/wp\/v2\/types\/post"}],"author":[{"embeddable":true,"href":"https:\/\/pasahoy.com.ar\/ph\/wp-json\/wp\/v2\/users\/3"}],"replies":[{"embeddable":true,"href":"https:\/\/pasahoy.com.ar\/ph\/wp-json\/wp\/v2\/comments?post=2391"}],"version-history":[{"count":1,"href":"https:\/\/pasahoy.com.ar\/ph\/wp-json\/wp\/v2\/posts\/2391\/revisions"}],"predecessor-version":[{"id":2393,"href":"https:\/\/pasahoy.com.ar\/ph\/wp-json\/wp\/v2\/posts\/2391\/revisions\/2393"}],"wp:featuredmedia":[{"embeddable":true,"href":"https:\/\/pasahoy.com.ar\/ph\/wp-json\/wp\/v2\/media\/2392"}],"wp:attachment":[{"href":"https:\/\/pasahoy.com.ar\/ph\/wp-json\/wp\/v2\/media?parent=2391"}],"wp:term":[{"taxonomy":"category","embeddable":true,"href":"https:\/\/pasahoy.com.ar\/ph\/wp-json\/wp\/v2\/categories?post=2391"},{"taxonomy":"post_tag","embeddable":true,"href":"https:\/\/pasahoy.com.ar\/ph\/wp-json\/wp\/v2\/tags?post=2391"}],"curies":[{"name":"wp","href":"https:\/\/api.w.org\/{rel}","templated":true}]}}