{"id":2387,"date":"2025-05-29T18:02:58","date_gmt":"2025-05-29T18:02:58","guid":{"rendered":"https:\/\/pasahoy.com.ar\/ph\/?p=2387"},"modified":"2025-05-29T18:03:16","modified_gmt":"2025-05-29T18:03:16","slug":"la-justicia-proceso-a-dos-hombres-por-un-hecho-de-robo-con-herida-de-arma-blanca","status":"publish","type":"post","link":"https:\/\/pasahoy.com.ar\/ph\/la-justicia-proceso-a-dos-hombres-por-un-hecho-de-robo-con-herida-de-arma-blanca\/","title":{"rendered":"LA JUSTICIA PROCESO A DOS HOMBRES POR UN HECHO DE ROBO CON HERIDA DE ARMA BLANCA"},"content":{"rendered":"\n<p>El Juzgado de Instrucci\u00f3n en lo Criminal y Correccional N\u00b0 3 de la Primera Circunscripci\u00f3n Judicial con sede en la Ciudad de La Rioja, a cargo de la jueza Dra. Mar\u00eda Eugenia Torres, resolvi\u00f3 dictar el auto procesamiento y prisi\u00f3n preventiva para dos hombres ante un hecho de robo con herida de arma blanca.<\/p>\n\n\n\n<figure class=\"wp-block-gallery has-nested-images columns-default is-cropped wp-block-gallery-1 is-layout-flex wp-block-gallery-is-layout-flex\">\n<figure class=\"wp-block-image size-large\"><img loading=\"lazy\" decoding=\"async\" width=\"810\" height=\"597\" data-id=\"2388\" src=\"https:\/\/pasahoy.com.ar\/ph\/wp-content\/uploads\/2025\/05\/1000380003.png\" alt=\"\" class=\"wp-image-2388\" srcset=\"https:\/\/pasahoy.com.ar\/ph\/wp-content\/uploads\/2025\/05\/1000380003.png 810w, https:\/\/pasahoy.com.ar\/ph\/wp-content\/uploads\/2025\/05\/1000380003-300x221.png 300w, https:\/\/pasahoy.com.ar\/ph\/wp-content\/uploads\/2025\/05\/1000380003-768x566.png 768w\" sizes=\"auto, (max-width: 810px) 100vw, 810px\" \/><\/figure>\n<\/figure>\n\n\n\n<p>El hecho surge en septiembre del a\u00f1o 2024, a horas de la madrugada en circunstancia que la v\u00edctima iba caminando junto a su pareja por Av. Malvinas Argentinas cuando dos sujetos se acercan para ofrecerles una prenda de vestir, la v\u00edctima rechaza la oferta e insiste continuar su ruta y es ah\u00ed cuando advierte que le sustraen el tel\u00e9fono m\u00f3vil del bolsillo del pantal\u00f3n iniciando un forcejeo con los imputados, uno de ellos agrede con un arma blanca a la v\u00edctima caus\u00e1ndole p\u00e9rdida de sangre mientras ellos se escapaban de la escena. La ambulancia llego al lugar para trasladar al herido en car\u00e1cter urgente, mientras la polic\u00eda inicio la b\u00fasqueda de los responsables.<\/p>\n\n\n\n<p>El informe m\u00e9dico reporto que, la gravedad de las heridas sufridas afecto \u00f3rganos internos que derivo a una intervenci\u00f3n quir\u00fargica. Se adjunta al expediente de la causa; las declaraciones testimoniales que se realizaron en sede policial y ratificada en sede judicial, el informe t\u00e9cnico del departamento de criminal\u00edstica de la Polic\u00eda, registro f\u00edlmico y otros documentos.<\/p>\n\n\n\n<p>Analizando lo presentado y quedando acreditado las circunstancias de modo, tiempo y lugar como se dio el hecho, surge con claridad la participaci\u00f3n de los imputados y el grave da\u00f1o f\u00edsico y psicol\u00f3gico ocasionado a la v\u00edctima, que result\u00f3 con lesiones de consideraci\u00f3n.<\/p>\n\n\n\n<p>Ante ello la Magistrada resolvi\u00f3 dictar procesamiento y prisi\u00f3n preventiva por ser supuestos autores del delito de robo agravado por lesiones graves. Ordenar el embargo para ambos imputados hasta cubrir la suma de un mill\u00f3n quinientos mil pesos.<\/p>\n","protected":false},"excerpt":{"rendered":"<p>El Juzgado de Instrucci\u00f3n en lo Criminal y Correccional N\u00b0 3 de la Primera Circunscripci\u00f3n Judicial con sede en la Ciudad de La Rioja, a cargo de la jueza Dra. Mar\u00eda Eugenia Torres, resolvi\u00f3 dictar el auto procesamiento y prisi\u00f3n preventiva para dos hombres ante un hecho de robo con herida de arma blanca. El [&hellip;]<\/p>\n","protected":false},"author":3,"featured_media":2388,"comment_status":"open","ping_status":"open","sticky":false,"template":"","format":"standard","meta":{"_jetpack_memberships_contains_paid_content":false,"footnotes":""},"categories":[12],"tags":[],"class_list":["post-2387","post","type-post","status-publish","format-standard","has-post-thumbnail","hentry","category-judicial"],"jetpack_featured_media_url":"https:\/\/pasahoy.com.ar\/ph\/wp-content\/uploads\/2025\/05\/1000380003.png","jetpack_sharing_enabled":true,"_links":{"self":[{"href":"https:\/\/pasahoy.com.ar\/ph\/wp-json\/wp\/v2\/posts\/2387","targetHints":{"allow":["GET"]}}],"collection":[{"href":"https:\/\/pasahoy.com.ar\/ph\/wp-json\/wp\/v2\/posts"}],"about":[{"href":"https:\/\/pasahoy.com.ar\/ph\/wp-json\/wp\/v2\/types\/post"}],"author":[{"embeddable":true,"href":"https:\/\/pasahoy.com.ar\/ph\/wp-json\/wp\/v2\/users\/3"}],"replies":[{"embeddable":true,"href":"https:\/\/pasahoy.com.ar\/ph\/wp-json\/wp\/v2\/comments?post=2387"}],"version-history":[{"count":1,"href":"https:\/\/pasahoy.com.ar\/ph\/wp-json\/wp\/v2\/posts\/2387\/revisions"}],"predecessor-version":[{"id":2389,"href":"https:\/\/pasahoy.com.ar\/ph\/wp-json\/wp\/v2\/posts\/2387\/revisions\/2389"}],"wp:featuredmedia":[{"embeddable":true,"href":"https:\/\/pasahoy.com.ar\/ph\/wp-json\/wp\/v2\/media\/2388"}],"wp:attachment":[{"href":"https:\/\/pasahoy.com.ar\/ph\/wp-json\/wp\/v2\/media?parent=2387"}],"wp:term":[{"taxonomy":"category","embeddable":true,"href":"https:\/\/pasahoy.com.ar\/ph\/wp-json\/wp\/v2\/categories?post=2387"},{"taxonomy":"post_tag","embeddable":true,"href":"https:\/\/pasahoy.com.ar\/ph\/wp-json\/wp\/v2\/tags?post=2387"}],"curies":[{"name":"wp","href":"https:\/\/api.w.org\/{rel}","templated":true}]}}