{"id":2378,"date":"2025-05-29T17:44:34","date_gmt":"2025-05-29T17:44:34","guid":{"rendered":"https:\/\/pasahoy.com.ar\/ph\/?p=2378"},"modified":"2025-05-29T17:44:46","modified_gmt":"2025-05-29T17:44:46","slug":"cumbre-de-urgencia-de-los-gobernadores-por-la-fuerte-caida-de-los-fondos-de-coparticipacion","status":"publish","type":"post","link":"https:\/\/pasahoy.com.ar\/ph\/cumbre-de-urgencia-de-los-gobernadores-por-la-fuerte-caida-de-los-fondos-de-coparticipacion\/","title":{"rendered":"Cumbre de urgencia de los gobernadores por la fuerte ca\u00edda de los fondos de coparticipaci\u00f3n"},"content":{"rendered":"\n<p>La ca\u00edda supera el 4% y se suma al corte de transferencias directas que fija la ley. Se reunir\u00e1n en el CFI para decidir qu\u00e9 medidas toman.<\/p>\n\n\n\n<figure class=\"wp-block-gallery has-nested-images columns-default is-cropped wp-block-gallery-1 is-layout-flex wp-block-gallery-is-layout-flex\">\n<figure class=\"wp-block-image size-large\"><img loading=\"lazy\" decoding=\"async\" width=\"908\" height=\"836\" data-id=\"2379\" src=\"https:\/\/pasahoy.com.ar\/ph\/wp-content\/uploads\/2025\/05\/1000379948.jpg\" alt=\"\" class=\"wp-image-2379\" srcset=\"https:\/\/pasahoy.com.ar\/ph\/wp-content\/uploads\/2025\/05\/1000379948.jpg 908w, https:\/\/pasahoy.com.ar\/ph\/wp-content\/uploads\/2025\/05\/1000379948-300x276.jpg 300w, https:\/\/pasahoy.com.ar\/ph\/wp-content\/uploads\/2025\/05\/1000379948-768x707.jpg 768w\" sizes=\"auto, (max-width: 908px) 100vw, 908px\" \/><\/figure>\n<\/figure>\n\n\n\n<p>Un trabajo del Consejo Federal de Inversiones (CFI) estima una ca\u00edda promedio de la recaudaci\u00f3n de un 4% para 2025 y los gobernadores se re\u00fanen la semana que viene para analizar el impacto que tendr\u00e1 esa baja sobre las cuentas provinciales.<\/p>\n\n\n\n<p>El documento al que LPO pudo tener acceso destaca las transferencias autom\u00e1ticas a las provincias en 2023 y 2024, y suma una proyecci\u00f3n para el ejercicio actual. Hay provincias como Santa Fe y La Pampa donde la ca\u00edda de la coparticipaci\u00f3n llega a los seis puntos.<\/p>\n\n\n\n<p>La semana pr\u00f3xima los gobernadores se reunir\u00e1n en la sede del CFI para analizar esa ca\u00edda de la recaudaci\u00f3n y el impacto negativo que va a tener en la coparticipaci\u00f3n y en las siempre alica\u00eddas cajas provinciales. En ese encuentro tambi\u00e9n se va a considerar el estado de las rutas nacionales toda vez que los gobernadores entienden que la situaci\u00f3n es cr\u00edtica ante la falta de mantenimiento y obra p\u00fablica.<\/p>\n\n\n\n<p>Los n\u00fameros de la coparticipaci\u00f3n tienen a los gobernadores en alerta. Est\u00e1n preocupados porque el escenario econ\u00f3mico y puntualmente respecto de las transferencias autom\u00e1ticas es mucho peor de lo que se imaginaban.<\/p>\n\n\n\n<p>El a\u00f1o pasado, Luis Caputo les hab\u00eda asegurado que la mejora en las provincias iba a llegar en 2025 por los aumentos en la recaudaci\u00f3n y por el crecimiento econ\u00f3mico. Lo cierto es que ya pisando el mes de junio, las proyecciones respecto de esas dos variables son muy malas.<\/p>\n\n\n\n<p>La coparticipaci\u00f3n fue uno de los temas en la reuni\u00f3n de gobernadores de Paran\u00e1. Luis Caputo los presion\u00f3 para que eliminen Ingresos Brutos y compensar ese impuesto con IVA. Pero los mandatarios le pidieron que quite del Impuesto a los Combustibles L\u00edquidos (ICL), recaudaci\u00f3n que tiene como destino espec\u00edfico mejorar las rutas, aunque el gobierno se niega a hacer obras y mantenimiento.<\/p>\n\n\n\n<p>Por eso, varios mandatarios comenzaron a ceder y a aceptar el plan de Javier Milei para fomentar el uso de los d\u00f3lares \u00abdel colch\u00f3n\u00bb. Esta semana funcionarios del gobierno mantuvieron una reuni\u00f3n virtual con gobernadores a quienes les explicaron en detalle el Plan de Reparaci\u00f3n Hist\u00f3rica de los Ahorros de los Argentinos, despejar dudas al respecto y pedirles que se adhieran al nuevo r\u00e9gimen.<\/p>\n\n\n\n<p>Los gobernadores invitados a la primera videollamada fueron Ra\u00fal Jalil (Catamarca), Carlos Sadir (Jujuy), Hugo Passalacqua (Misiones), Rolando Figueroa (Neuqu\u00e9n), Alberto Weretilneck (R\u00edo Negro), Gustavo S\u00e1enz (Salta), Gerardo Zamora (Santiago del Estero) y Osvaldo Jaldo (Tucum\u00e1n).<\/p>\n\n\n\n<p>En un segundo encuentro estuvieron Leandro Zdero (Chaco), Ignacio Torres (Chubut), Gustavo Vald\u00e9s (Corrientes), Rogelio Frigerio (Entre R\u00edos), Alfredo Cornejo (Mendoza), Marcelo Orrego (San Juan), Claudio Poggi (San Luis), Mart\u00edn Llaryora (C\u00f3rdoba) y Claudio Vidal (Santa Cruz).<\/p>\n\n\n\n<p>Distantes de esos encuentros virtuales se ubican Gildo Insfr\u00e1n (Formosa), Gustavo Melella (Tierra del Fuego), Axel Kicillof (Buenos Aires), Maximiliano Pullaro (Santa Fe), Sergio Ziliotto (La Pampa), Ricardo Quintela (La Rioja) y Jorge Macri (CABA). Seg\u00fan trascendi\u00f3, algunos de ellos podr\u00edan sumarse en las pr\u00f3ximas horas de manera presencial.<\/p>\n","protected":false},"excerpt":{"rendered":"<p>La ca\u00edda supera el 4% y se suma al corte de transferencias directas que fija la ley. Se reunir\u00e1n en el CFI para decidir qu\u00e9 medidas toman. Un trabajo del Consejo Federal de Inversiones (CFI) estima una ca\u00edda promedio de la recaudaci\u00f3n de un 4% para 2025 y los gobernadores se re\u00fanen la semana que [&hellip;]<\/p>\n","protected":false},"author":3,"featured_media":2379,"comment_status":"open","ping_status":"open","sticky":false,"template":"","format":"standard","meta":{"_jetpack_memberships_contains_paid_content":false,"footnotes":""},"categories":[2],"tags":[],"class_list":["post-2378","post","type-post","status-publish","format-standard","has-post-thumbnail","hentry","category-nacional"],"jetpack_featured_media_url":"https:\/\/pasahoy.com.ar\/ph\/wp-content\/uploads\/2025\/05\/1000379948.jpg","jetpack_sharing_enabled":true,"_links":{"self":[{"href":"https:\/\/pasahoy.com.ar\/ph\/wp-json\/wp\/v2\/posts\/2378","targetHints":{"allow":["GET"]}}],"collection":[{"href":"https:\/\/pasahoy.com.ar\/ph\/wp-json\/wp\/v2\/posts"}],"about":[{"href":"https:\/\/pasahoy.com.ar\/ph\/wp-json\/wp\/v2\/types\/post"}],"author":[{"embeddable":true,"href":"https:\/\/pasahoy.com.ar\/ph\/wp-json\/wp\/v2\/users\/3"}],"replies":[{"embeddable":true,"href":"https:\/\/pasahoy.com.ar\/ph\/wp-json\/wp\/v2\/comments?post=2378"}],"version-history":[{"count":1,"href":"https:\/\/pasahoy.com.ar\/ph\/wp-json\/wp\/v2\/posts\/2378\/revisions"}],"predecessor-version":[{"id":2380,"href":"https:\/\/pasahoy.com.ar\/ph\/wp-json\/wp\/v2\/posts\/2378\/revisions\/2380"}],"wp:featuredmedia":[{"embeddable":true,"href":"https:\/\/pasahoy.com.ar\/ph\/wp-json\/wp\/v2\/media\/2379"}],"wp:attachment":[{"href":"https:\/\/pasahoy.com.ar\/ph\/wp-json\/wp\/v2\/media?parent=2378"}],"wp:term":[{"taxonomy":"category","embeddable":true,"href":"https:\/\/pasahoy.com.ar\/ph\/wp-json\/wp\/v2\/categories?post=2378"},{"taxonomy":"post_tag","embeddable":true,"href":"https:\/\/pasahoy.com.ar\/ph\/wp-json\/wp\/v2\/tags?post=2378"}],"curies":[{"name":"wp","href":"https:\/\/api.w.org\/{rel}","templated":true}]}}