{"id":2375,"date":"2025-05-29T17:41:00","date_gmt":"2025-05-29T17:41:00","guid":{"rendered":"https:\/\/pasahoy.com.ar\/ph\/?p=2375"},"modified":"2025-05-29T17:41:12","modified_gmt":"2025-05-29T17:41:12","slug":"el-gobierno-critico-la-protesta-de-los-medicos-del-garrahan-y-nego-que-haya-un-desfinanciamiento-al-hospital","status":"publish","type":"post","link":"https:\/\/pasahoy.com.ar\/ph\/el-gobierno-critico-la-protesta-de-los-medicos-del-garrahan-y-nego-que-haya-un-desfinanciamiento-al-hospital\/","title":{"rendered":"El Gobierno critic\u00f3 la protesta de los m\u00e9dicos del Garrahan y neg\u00f3 que haya un desfinanciamiento al hospital"},"content":{"rendered":"\n<p>En conferencia de prensa, el vocero presidencial asegur\u00f3 que los recursos est\u00e1n. \u201cNo es casual que el reclamo se d\u00e9 cuando se est\u00e1 por implementar el sistema biom\u00e9trico de reconocimiento\u201d, cuestion\u00f3. <\/p>\n\n\n\n<p>El<a href=\"https:\/\/tn.com.ar\/politica\/2025\/05\/29\/el-gobierno-implementara-el-servicio-militar-voluntario-para-jovenes-de-entre-18-y-28-anos\/\" target=\"_blank\" rel=\"noreferrer noopener\"><strong>Gobierno\u00a0<\/strong><\/a><strong>critic\u00f3 la\u00a0<\/strong><a href=\"https:\/\/tn.com.ar\/sociedad\/2025\/05\/27\/cargos-sin-cubrir-y-exodo-laboral-los-motivos-detras-del-conflicto-en-el-hospital-garrahan\/\" target=\"_blank\" rel=\"noreferrer noopener\"><strong>protesta que los m\u00e9dicos del Hospital Garrahan<\/strong><\/a>\u00a0llevan adelante por mejoras en los salarios. \u201cNo es casual que el reclamo se d\u00e9 cuando se est\u00e1 por implementar el sistema biom\u00e9trico de reconocimiento\u201d, dijo el vocero presidencial,\u00a0<a href=\"https:\/\/tn.com.ar\/politica\/2025\/05\/29\/el-gobierno-implementara-el-servicio-militar-voluntario-para-jovenes-de-entre-18-y-28-anos\/\" target=\"_blank\" rel=\"noreferrer noopener\">Manuel Adorni<\/a>, en conferencia de prensa.<\/p>\n\n\n\n<p>Adorni asegur\u00f3 que \u201cno se est\u00e1 desfinanciando\u201d el centro de salud infantil de alta complejidad. Adem\u00e1s, se\u00f1al\u00f3 que<strong>\u00a0\u201cel dinero no est\u00e1 llegando donde tiene que llegar\u201d<\/strong>\u00a0por responsabilidad de los empleados administrativos. <\/p>\n\n\n\n<p>\u201cHay que distinguir dos cuestiones: en primer lugar, el reclamo de los profesionales de la salud es entendible. La Argentina es un pa\u00eds en el que hace mucho tiempo los m\u00e9dicos deber\u00edan ganar m\u00e1s, los polic\u00edas deber\u00edan ganar m\u00e1s y los docentes deber\u00edan ganar m\u00e1s\u201d, comenz\u00f3 a responder luego de que un periodista en la sala le consultara sobre el conflicto. <\/p>\n\n\n\n<p>En el mismo sentido, destac\u00f3 que negar esta crisis es\u00a0<strong>\u201cno entender lo que pasa en la Argentina y lo que viene pasando hace much\u00edsimo tiempo\u201d.<\/strong> <\/p>\n\n\n\n<p>\u201cNosotros a esta situaci\u00f3n la comprendimos siempre y como prometimos, \u00edbamos a ir en contra de todo lo que esta situaci\u00f3n, de salarios que no est\u00e9n a la altura\u201d, resalt\u00f3.<\/p>\n\n\n\n<figure class=\"wp-block-gallery has-nested-images columns-default is-cropped wp-block-gallery-1 is-layout-flex wp-block-gallery-is-layout-flex\">\n<figure class=\"wp-block-image size-large\"><img loading=\"lazy\" decoding=\"async\" width=\"921\" height=\"531\" data-id=\"2376\" src=\"https:\/\/pasahoy.com.ar\/ph\/wp-content\/uploads\/2025\/05\/1000379919.png\" alt=\"\" class=\"wp-image-2376\" srcset=\"https:\/\/pasahoy.com.ar\/ph\/wp-content\/uploads\/2025\/05\/1000379919.png 921w, https:\/\/pasahoy.com.ar\/ph\/wp-content\/uploads\/2025\/05\/1000379919-300x173.png 300w, https:\/\/pasahoy.com.ar\/ph\/wp-content\/uploads\/2025\/05\/1000379919-768x443.png 768w\" sizes=\"auto, (max-width: 921px) 100vw, 921px\" \/><\/figure>\n<\/figure>\n","protected":false},"excerpt":{"rendered":"<p>En conferencia de prensa, el vocero presidencial asegur\u00f3 que los recursos est\u00e1n. \u201cNo es casual que el reclamo se d\u00e9 cuando se est\u00e1 por implementar el sistema biom\u00e9trico de reconocimiento\u201d, cuestion\u00f3. ElGobierno\u00a0critic\u00f3 la\u00a0protesta que los m\u00e9dicos del Hospital Garrahan\u00a0llevan adelante por mejoras en los salarios. \u201cNo es casual que el reclamo se d\u00e9 cuando se [&hellip;]<\/p>\n","protected":false},"author":3,"featured_media":2376,"comment_status":"open","ping_status":"open","sticky":false,"template":"","format":"standard","meta":{"_jetpack_memberships_contains_paid_content":false,"footnotes":""},"categories":[2],"tags":[],"class_list":["post-2375","post","type-post","status-publish","format-standard","has-post-thumbnail","hentry","category-nacional"],"jetpack_featured_media_url":"https:\/\/pasahoy.com.ar\/ph\/wp-content\/uploads\/2025\/05\/1000379919.png","jetpack_sharing_enabled":true,"_links":{"self":[{"href":"https:\/\/pasahoy.com.ar\/ph\/wp-json\/wp\/v2\/posts\/2375","targetHints":{"allow":["GET"]}}],"collection":[{"href":"https:\/\/pasahoy.com.ar\/ph\/wp-json\/wp\/v2\/posts"}],"about":[{"href":"https:\/\/pasahoy.com.ar\/ph\/wp-json\/wp\/v2\/types\/post"}],"author":[{"embeddable":true,"href":"https:\/\/pasahoy.com.ar\/ph\/wp-json\/wp\/v2\/users\/3"}],"replies":[{"embeddable":true,"href":"https:\/\/pasahoy.com.ar\/ph\/wp-json\/wp\/v2\/comments?post=2375"}],"version-history":[{"count":1,"href":"https:\/\/pasahoy.com.ar\/ph\/wp-json\/wp\/v2\/posts\/2375\/revisions"}],"predecessor-version":[{"id":2377,"href":"https:\/\/pasahoy.com.ar\/ph\/wp-json\/wp\/v2\/posts\/2375\/revisions\/2377"}],"wp:featuredmedia":[{"embeddable":true,"href":"https:\/\/pasahoy.com.ar\/ph\/wp-json\/wp\/v2\/media\/2376"}],"wp:attachment":[{"href":"https:\/\/pasahoy.com.ar\/ph\/wp-json\/wp\/v2\/media?parent=2375"}],"wp:term":[{"taxonomy":"category","embeddable":true,"href":"https:\/\/pasahoy.com.ar\/ph\/wp-json\/wp\/v2\/categories?post=2375"},{"taxonomy":"post_tag","embeddable":true,"href":"https:\/\/pasahoy.com.ar\/ph\/wp-json\/wp\/v2\/tags?post=2375"}],"curies":[{"name":"wp","href":"https:\/\/api.w.org\/{rel}","templated":true}]}}