{"id":2371,"date":"2025-05-29T17:34:01","date_gmt":"2025-05-29T17:34:01","guid":{"rendered":"https:\/\/pasahoy.com.ar\/ph\/?p=2371"},"modified":"2025-05-29T17:34:56","modified_gmt":"2025-05-29T17:34:56","slug":"la-decision-que-la-china-suarez-tomo-a-ultimo-momento-para-evitar-cruzarse-a-wanda-nara-en-milan","status":"publish","type":"post","link":"https:\/\/pasahoy.com.ar\/ph\/la-decision-que-la-china-suarez-tomo-a-ultimo-momento-para-evitar-cruzarse-a-wanda-nara-en-milan\/","title":{"rendered":"La decisi\u00f3n que la China Su\u00e1rez tom\u00f3 a \u00faltimo momento para evitar cruzarse a Wanda Nara en Mil\u00e1n"},"content":{"rendered":"\n<p>La actriz aterriz\u00f3 en Italia junto a Mauro Icardi, pero dio marcha atr\u00e1s en su plan de presenciar la audiencia de divorcio. <\/p>\n\n\n\n<p><a href=\"https:\/\/tn.com.ar\/show\/famosos\/2025\/05\/28\/la-china-suarez-llego-a-milan-con-mauro-icardi-y-recibio-una-increible-sorpresa-las-fotos-que-publico\/\"><strong>La China Su\u00e1rez y Mauro Icardi&nbsp;<\/strong>abandonaron Turqu\u00eda para trasladarse a Mil\u00e1n<\/a>, ciudad italiana donde el futbolista tuvo que encontrarse con&nbsp;<strong>Wanda Nara<\/strong>&nbsp;para avanzar con el divorcio. Si bien la actriz quer\u00eda presenciar la audiencia en los tribunales, a \u00faltimo momento cambi\u00f3 de opini\u00f3n.<\/p>\n\n\n\n<p>Luego de asistir a un mini evento de la maquilladora Gabriela Elio, Mar\u00eda Eugenia recalcul\u00f3 y&nbsp;<strong>consider\u00f3 que lo mejor era ni verle la cara a la medi\u00e1tica, que en varias oportunidades hizo comentarios despectivos hacia Amancio y Magnolia Vicu\u00f1a.&nbsp;<\/strong>Como si fuera poco, algunos seguidores de la ex&nbsp;<em>Casi \u00e1ngeles<\/em>&nbsp;est\u00e1n convenidos de que<strong>&nbsp;podr\u00edan haber terminado a las pi\u00f1as si se cruzaban.<\/strong> <\/p>\n\n\n\n<p>En sus redes sociales, el periodista Gustavo M\u00e9ndez sostuvo que una vez finalizado el tr\u00e1mite, la feliz pareja regresar\u00e1 a Estambul para armar las valijas y emprender viaje a Ibiza, donde la actriz participar\u00e1 de un festival.\u00a0<strong>All\u00ed tambi\u00e9n coincidir\u00e1n con Wanda Nara<\/strong>, que primero pisar\u00e1 Roma para dar entrevistas sobre su situaci\u00f3n sentimental. Mientras espera el final de la audiencia, la China se mostr\u00f3 comiendo pizza en un hotel de renombre,\u00a0<strong>donde se estar\u00eda quedando con el rosarino<\/strong>. <\/p>\n\n\n\n<p>D\u00edas atr\u00e1s, Mauro Icardi volvi\u00f3 a referirse a Wanda Nara en las redes sociales. Si bien no la nombr\u00f3, cont\u00f3 que no pudo hablar con sus nenas porque la madre les impidi\u00f3 el contacto. \u201cOtra noche sin hablar con mis hijas. Falta poco mis peque\u00f1as princesas. Las amo\u201d, escribi\u00f3 en Instagram. <\/p>\n\n\n\n<p>El reclamo del \u00faltimo viernes se sum\u00f3 a la extensa lista que sac\u00f3 a la luz d\u00edas atr\u00e1s, donde enumer\u00f3 todas las maldades que le hace la medi\u00e1tica. \u201c<strong>La madre impide que las vea.\u00a0<\/strong>La madre recusa jueces porque obviamente no le dan lo que quiere. Hace seis meses que estoy en la Argentina para estar con las nenas y solo las vi un d\u00eda.\u00a0<strong>Las pericias psicol\u00f3gicas hechas por profesionales dicen que las menores repiten lo que les dice la madre\u00a0<\/strong>(en criollo, les quema el cerebro)\u201d, dispar\u00f3 enojado.<\/p>\n\n\n\n<figure class=\"wp-block-gallery has-nested-images columns-default is-cropped wp-block-gallery-1 is-layout-flex wp-block-gallery-is-layout-flex\">\n<figure class=\"wp-block-image size-full\"><img loading=\"lazy\" decoding=\"async\" width=\"908\" height=\"779\" data-id=\"2372\" src=\"https:\/\/pasahoy.com.ar\/ph\/wp-content\/uploads\/2025\/05\/1000379914.png\" alt=\"\" class=\"wp-image-2372\" srcset=\"https:\/\/pasahoy.com.ar\/ph\/wp-content\/uploads\/2025\/05\/1000379914.png 908w, https:\/\/pasahoy.com.ar\/ph\/wp-content\/uploads\/2025\/05\/1000379914-300x257.png 300w, https:\/\/pasahoy.com.ar\/ph\/wp-content\/uploads\/2025\/05\/1000379914-768x659.png 768w\" sizes=\"auto, (max-width: 908px) 100vw, 908px\" \/><\/figure>\n<\/figure>\n","protected":false},"excerpt":{"rendered":"<p>La actriz aterriz\u00f3 en Italia junto a Mauro Icardi, pero dio marcha atr\u00e1s en su plan de presenciar la audiencia de divorcio. La China Su\u00e1rez y Mauro Icardi&nbsp;abandonaron Turqu\u00eda para trasladarse a Mil\u00e1n, ciudad italiana donde el futbolista tuvo que encontrarse con&nbsp;Wanda Nara&nbsp;para avanzar con el divorcio. Si bien la actriz quer\u00eda presenciar la audiencia [&hellip;]<\/p>\n","protected":false},"author":3,"featured_media":2372,"comment_status":"open","ping_status":"open","sticky":false,"template":"","format":"standard","meta":{"_jetpack_memberships_contains_paid_content":false,"footnotes":""},"categories":[5],"tags":[],"class_list":["post-2371","post","type-post","status-publish","format-standard","has-post-thumbnail","hentry","category-espectaculo"],"jetpack_featured_media_url":"https:\/\/pasahoy.com.ar\/ph\/wp-content\/uploads\/2025\/05\/1000379914.png","jetpack_sharing_enabled":true,"_links":{"self":[{"href":"https:\/\/pasahoy.com.ar\/ph\/wp-json\/wp\/v2\/posts\/2371","targetHints":{"allow":["GET"]}}],"collection":[{"href":"https:\/\/pasahoy.com.ar\/ph\/wp-json\/wp\/v2\/posts"}],"about":[{"href":"https:\/\/pasahoy.com.ar\/ph\/wp-json\/wp\/v2\/types\/post"}],"author":[{"embeddable":true,"href":"https:\/\/pasahoy.com.ar\/ph\/wp-json\/wp\/v2\/users\/3"}],"replies":[{"embeddable":true,"href":"https:\/\/pasahoy.com.ar\/ph\/wp-json\/wp\/v2\/comments?post=2371"}],"version-history":[{"count":2,"href":"https:\/\/pasahoy.com.ar\/ph\/wp-json\/wp\/v2\/posts\/2371\/revisions"}],"predecessor-version":[{"id":2374,"href":"https:\/\/pasahoy.com.ar\/ph\/wp-json\/wp\/v2\/posts\/2371\/revisions\/2374"}],"wp:featuredmedia":[{"embeddable":true,"href":"https:\/\/pasahoy.com.ar\/ph\/wp-json\/wp\/v2\/media\/2372"}],"wp:attachment":[{"href":"https:\/\/pasahoy.com.ar\/ph\/wp-json\/wp\/v2\/media?parent=2371"}],"wp:term":[{"taxonomy":"category","embeddable":true,"href":"https:\/\/pasahoy.com.ar\/ph\/wp-json\/wp\/v2\/categories?post=2371"},{"taxonomy":"post_tag","embeddable":true,"href":"https:\/\/pasahoy.com.ar\/ph\/wp-json\/wp\/v2\/tags?post=2371"}],"curies":[{"name":"wp","href":"https:\/\/api.w.org\/{rel}","templated":true}]}}