{"id":2363,"date":"2025-05-29T17:15:50","date_gmt":"2025-05-29T17:15:50","guid":{"rendered":"https:\/\/pasahoy.com.ar\/ph\/?p=2363"},"modified":"2025-05-29T17:15:50","modified_gmt":"2025-05-29T17:15:50","slug":"la-rioja-afianza-su-protagonismo-en-el-sector-minero-tras-su-participacion-en-arminera-2025","status":"publish","type":"post","link":"https:\/\/pasahoy.com.ar\/ph\/la-rioja-afianza-su-protagonismo-en-el-sector-minero-tras-su-participacion-en-arminera-2025\/","title":{"rendered":"La Rioja afianza su protagonismo en el sector minero tras su participaci\u00f3n en Arminera 2025"},"content":{"rendered":"\n<p><em>Con un stand institucional que funcion\u00f3 como punto estrat\u00e9gico de vinculaci\u00f3n, la Provincia concret\u00f3 encuentros clave con empresas mineras, tecnol\u00f3gicas y de inversi\u00f3n. Se destacaron los avances en exploraci\u00f3n de metales en el centro y oeste provincial, as\u00ed como las posibilidades de nuevas alianzas p\u00fablico-privadas y el impulso al agregado de valor en origen.<\/em><\/p>\n\n\n\n<figure class=\"wp-block-gallery has-nested-images columns-default is-cropped wp-block-gallery-1 is-layout-flex wp-block-gallery-is-layout-flex\">\n<figure class=\"wp-block-image size-large\"><img loading=\"lazy\" decoding=\"async\" width=\"1024\" height=\"561\" data-id=\"2364\" src=\"https:\/\/pasahoy.com.ar\/ph\/wp-content\/uploads\/2025\/05\/1000379794-1024x561.jpg\" alt=\"\" class=\"wp-image-2364\" srcset=\"https:\/\/pasahoy.com.ar\/ph\/wp-content\/uploads\/2025\/05\/1000379794-1024x561.jpg 1024w, https:\/\/pasahoy.com.ar\/ph\/wp-content\/uploads\/2025\/05\/1000379794-300x164.jpg 300w, https:\/\/pasahoy.com.ar\/ph\/wp-content\/uploads\/2025\/05\/1000379794-768x421.jpg 768w, https:\/\/pasahoy.com.ar\/ph\/wp-content\/uploads\/2025\/05\/1000379794.jpg 1080w\" sizes=\"auto, (max-width: 1024px) 100vw, 1024px\" \/><\/figure>\n<\/figure>\n\n\n\n<p>La provincia de La Rioja tuvo una participaci\u00f3n destacada en la edici\u00f3n 2025 de Arminera, la feria minera m\u00e1s importante del pa\u00eds. Su presencia gener\u00f3 un alto nivel de interacci\u00f3n t\u00e9cnica con empresas e instituciones del \u00e1mbito minero, tanto nacionales como internacionales, interesadas en los proyectos de exploraci\u00f3n y desarrollo que se encuentran actualmente en curso.<br>En ese marco, Ariel Parmigiani, presidente del Parque Arauco, se\u00f1al\u00f3 que el stand institucional funcion\u00f3 como un nodo estrat\u00e9gico de vinculaci\u00f3n, permitiendo avanzar en reuniones de trabajo con operadores mineros, proveedores de tecnolog\u00eda y representantes de capitales de inversi\u00f3n.<br>Durante el evento, se logr\u00f3 visibilizar el potencial de los proyectos en etapa de exploraci\u00f3n avanzada, as\u00ed como promover nuevas oportunidades de asociaci\u00f3n p\u00fablico-privada. El inter\u00e9s se centr\u00f3 especialmente en los yacimientos metal\u00edferos ubicados en el centro y oeste de la Provincia, y en las iniciativas orientadas a diversificar la matriz productiva a trav\u00e9s del agregado de valor en origen.<\/p>\n\n\n\n<p><em>Inter\u00e9s<\/em><br>Desde el Parque Arauco destacaron que se concretaron contactos con firmas que manifestaron inter\u00e9s en avanzar hacia etapas de pre-factibilidad y evaluaci\u00f3n ambiental. Tambi\u00e9n se valor\u00f3 la visibilidad institucional que brinda la participaci\u00f3n riojana en espacios de networking del sector, as\u00ed como el crecimiento sostenido del ecosistema minero provincial.<br>Si bien la miner\u00eda en La Rioja es a\u00fan incipiente en t\u00e9rminos de desarrollo hist\u00f3rico, su potencial geol\u00f3gico y operativo comienza a ser reconocido por actores clave de la industria a nivel nacional e internacional.<\/p>\n","protected":false},"excerpt":{"rendered":"<p>Con un stand institucional que funcion\u00f3 como punto estrat\u00e9gico de vinculaci\u00f3n, la Provincia concret\u00f3 encuentros clave con empresas mineras, tecnol\u00f3gicas y de inversi\u00f3n. Se destacaron los avances en exploraci\u00f3n de metales en el centro y oeste provincial, as\u00ed como las posibilidades de nuevas alianzas p\u00fablico-privadas y el impulso al agregado de valor en origen. La [&hellip;]<\/p>\n","protected":false},"author":3,"featured_media":2364,"comment_status":"open","ping_status":"open","sticky":false,"template":"","format":"standard","meta":{"_jetpack_memberships_contains_paid_content":false,"footnotes":""},"categories":[1],"tags":[],"class_list":["post-2363","post","type-post","status-publish","format-standard","has-post-thumbnail","hentry","category-local"],"jetpack_featured_media_url":"https:\/\/pasahoy.com.ar\/ph\/wp-content\/uploads\/2025\/05\/1000379794.jpg","jetpack_sharing_enabled":true,"_links":{"self":[{"href":"https:\/\/pasahoy.com.ar\/ph\/wp-json\/wp\/v2\/posts\/2363","targetHints":{"allow":["GET"]}}],"collection":[{"href":"https:\/\/pasahoy.com.ar\/ph\/wp-json\/wp\/v2\/posts"}],"about":[{"href":"https:\/\/pasahoy.com.ar\/ph\/wp-json\/wp\/v2\/types\/post"}],"author":[{"embeddable":true,"href":"https:\/\/pasahoy.com.ar\/ph\/wp-json\/wp\/v2\/users\/3"}],"replies":[{"embeddable":true,"href":"https:\/\/pasahoy.com.ar\/ph\/wp-json\/wp\/v2\/comments?post=2363"}],"version-history":[{"count":1,"href":"https:\/\/pasahoy.com.ar\/ph\/wp-json\/wp\/v2\/posts\/2363\/revisions"}],"predecessor-version":[{"id":2365,"href":"https:\/\/pasahoy.com.ar\/ph\/wp-json\/wp\/v2\/posts\/2363\/revisions\/2365"}],"wp:featuredmedia":[{"embeddable":true,"href":"https:\/\/pasahoy.com.ar\/ph\/wp-json\/wp\/v2\/media\/2364"}],"wp:attachment":[{"href":"https:\/\/pasahoy.com.ar\/ph\/wp-json\/wp\/v2\/media?parent=2363"}],"wp:term":[{"taxonomy":"category","embeddable":true,"href":"https:\/\/pasahoy.com.ar\/ph\/wp-json\/wp\/v2\/categories?post=2363"},{"taxonomy":"post_tag","embeddable":true,"href":"https:\/\/pasahoy.com.ar\/ph\/wp-json\/wp\/v2\/tags?post=2363"}],"curies":[{"name":"wp","href":"https:\/\/api.w.org\/{rel}","templated":true}]}}