{"id":2358,"date":"2025-05-29T17:14:25","date_gmt":"2025-05-29T17:14:25","guid":{"rendered":"https:\/\/pasahoy.com.ar\/ph\/?p=2358"},"modified":"2025-05-29T17:14:37","modified_gmt":"2025-05-29T17:14:37","slug":"la-provincia-refuerza-la-presencia-sanitaria-en-vinchina-con-un-operativo-integral","status":"publish","type":"post","link":"https:\/\/pasahoy.com.ar\/ph\/la-provincia-refuerza-la-presencia-sanitaria-en-vinchina-con-un-operativo-integral\/","title":{"rendered":"La Provincia refuerza la presencia sanitaria en Vinchina con un operativo integral"},"content":{"rendered":"\n<p><em>Con m\u00e1s de 200 atenciones m\u00e9dicas en una sola jornada, el Ministerio de Salud llev\u00f3 adelante un nuevo abordaje territorial que incluy\u00f3 estudios preventivos, consultas especializadas y seguimiento de pacientes. La acci\u00f3n se enmarca en una pol\u00edtica p\u00fablica de salud con enfoque federal y equitativo.<\/em><\/p>\n\n\n\n<figure class=\"wp-block-gallery has-nested-images columns-default is-cropped wp-block-gallery-1 is-layout-flex wp-block-gallery-is-layout-flex\">\n<figure class=\"wp-block-image size-large\"><img loading=\"lazy\" decoding=\"async\" width=\"1024\" height=\"683\" data-id=\"2360\" src=\"https:\/\/pasahoy.com.ar\/ph\/wp-content\/uploads\/2025\/05\/1000379791-1024x683.jpg\" alt=\"\" class=\"wp-image-2360\" srcset=\"https:\/\/pasahoy.com.ar\/ph\/wp-content\/uploads\/2025\/05\/1000379791-1024x683.jpg 1024w, https:\/\/pasahoy.com.ar\/ph\/wp-content\/uploads\/2025\/05\/1000379791-300x200.jpg 300w, https:\/\/pasahoy.com.ar\/ph\/wp-content\/uploads\/2025\/05\/1000379791-768x512.jpg 768w, https:\/\/pasahoy.com.ar\/ph\/wp-content\/uploads\/2025\/05\/1000379791-1536x1024.jpg 1536w, https:\/\/pasahoy.com.ar\/ph\/wp-content\/uploads\/2025\/05\/1000379791.jpg 1600w\" sizes=\"auto, (max-width: 1024px) 100vw, 1024px\" \/><\/figure>\n\n\n\n<figure class=\"wp-block-image size-large\"><img loading=\"lazy\" decoding=\"async\" width=\"1024\" height=\"683\" data-id=\"2361\" src=\"https:\/\/pasahoy.com.ar\/ph\/wp-content\/uploads\/2025\/05\/1000379790-1024x683.jpg\" alt=\"\" class=\"wp-image-2361\" srcset=\"https:\/\/pasahoy.com.ar\/ph\/wp-content\/uploads\/2025\/05\/1000379790-1024x683.jpg 1024w, https:\/\/pasahoy.com.ar\/ph\/wp-content\/uploads\/2025\/05\/1000379790-300x200.jpg 300w, https:\/\/pasahoy.com.ar\/ph\/wp-content\/uploads\/2025\/05\/1000379790-768x512.jpg 768w, https:\/\/pasahoy.com.ar\/ph\/wp-content\/uploads\/2025\/05\/1000379790-1536x1024.jpg 1536w, https:\/\/pasahoy.com.ar\/ph\/wp-content\/uploads\/2025\/05\/1000379790.jpg 1600w\" sizes=\"auto, (max-width: 1024px) 100vw, 1024px\" \/><\/figure>\n\n\n\n<figure class=\"wp-block-image size-large\"><img loading=\"lazy\" decoding=\"async\" width=\"1024\" height=\"744\" data-id=\"2359\" src=\"https:\/\/pasahoy.com.ar\/ph\/wp-content\/uploads\/2025\/05\/1000379789-1024x744.jpg\" alt=\"\" class=\"wp-image-2359\" srcset=\"https:\/\/pasahoy.com.ar\/ph\/wp-content\/uploads\/2025\/05\/1000379789-1024x744.jpg 1024w, https:\/\/pasahoy.com.ar\/ph\/wp-content\/uploads\/2025\/05\/1000379789-300x218.jpg 300w, https:\/\/pasahoy.com.ar\/ph\/wp-content\/uploads\/2025\/05\/1000379789-768x558.jpg 768w, https:\/\/pasahoy.com.ar\/ph\/wp-content\/uploads\/2025\/05\/1000379789.jpg 1280w\" sizes=\"auto, (max-width: 1024px) 100vw, 1024px\" \/><\/figure>\n<\/figure>\n\n\n\n<p>Este mi\u00e9rcoles se concret\u00f3 un nuevo operativo sanitario en el Hospital Dr. Ram\u00f3n L. Mart\u00ednez de Vinchina, que alcanz\u00f3 cerca de 200 consultas. La estrategia, impulsada por el Ministerio de Salud y la Jefatura de Gabinete con el apoyo de los municipios y hospitales zonales, forma parte de una pol\u00edtica p\u00fablica que busca federalizar el acceso a la salud en todo el territorio provincial.<br>Durante la jornada, vecinas y vecinos de Vinchina accedieron a atenciones m\u00e9dicas con especialistas en distintas \u00e1reas, en una propuesta integral que combin\u00f3 prevenci\u00f3n, diagn\u00f3stico y seguimiento. El operativo permiti\u00f3 concretar: 20 mamograf\u00edas; 28 estudios de PAP; 22 consultas en diabetolog\u00eda; 20 atenciones traumatol\u00f3gicas; 40 atenciones oftalmol\u00f3gicas; 16 atenciones odontol\u00f3gicas y 26 consultas cardiol\u00f3gicas.<\/p>\n\n\n\n<p><em>Pol\u00edticas p\u00fablicas<\/em><br>La secretaria de Prevenci\u00f3n y Promoci\u00f3n de la Salud, Marcia Ticac, subray\u00f3 la importancia de continuar con este tipo de acciones coordinadas. \u201cUna vez m\u00e1s, las pol\u00edticas p\u00fablicas del Gobierno de la Provincia, impulsadas desde la Jefatura de Gabinete y el Ministerio de Salud, llegan al interior con un enfoque federal, asegurando el acceso equitativo a la salud. Adem\u00e1s del abordaje territorial, realizamos detecci\u00f3n precoz y monitoreo de cada paciente, incluyendo la entrega de anteojos y tratamientos posteriores seg\u00fan cada necesidad\u201d, expres\u00f3.<br>Con este nuevo despliegue, ya son m\u00e1s de 300 los operativos sanitarios realizados en toda la provincia, reafirmando el compromiso del Estado provincial con la atenci\u00f3n m\u00e9dica integral en cada departamento.<\/p>\n\n\n\n<p><em>Atenci\u00f3n de calidad<\/em><br>Por su parte, la intendenta de Vinchina, Adriana Arias, celebr\u00f3 el operativo y destac\u00f3 el trabajo articulado: \u201cEstamos muy contentos y agradecidos con el equipo de salud. Se refuerza esta pol\u00edtica de federalismo y de llegar al interior del interior, con especialistas que brindan una atenci\u00f3n de calidad. Adem\u00e1s, logramos el traslado de 25 personas desde Jag\u00fc\u00e9, garantizando que nadie quede sin atenci\u00f3n. Seguiremos coordinando con el Ministerio y la Jefatura de Gabinete para seguir mejorando las pol\u00edticas p\u00fablicas en salud\u201d.<br>Durante la jornada tambi\u00e9n se rindi\u00f3 homenaje a Mar\u00eda Elena \u00c1lvarez de Varas, ex diputada e intendenta, con el descubrimiento de una placa en su honor. Fue ella quien impuls\u00f3 el proyecto de compra del terreno donde hoy se erige el hospital de Vinchina, un hecho clave para el desarrollo sanitario del departamento.<br>Acompa\u00f1aron la actividad la concejal Mar\u00eda Berazey; Marcelo Menem, director de Salud Comunitaria; Leila Orme\u00f1o, jefa de Zona Sanitaria; y Josefa Massut, directora del Hospital de Villa Uni\u00f3n.<\/p>\n","protected":false},"excerpt":{"rendered":"<p>Con m\u00e1s de 200 atenciones m\u00e9dicas en una sola jornada, el Ministerio de Salud llev\u00f3 adelante un nuevo abordaje territorial que incluy\u00f3 estudios preventivos, consultas especializadas y seguimiento de pacientes. La acci\u00f3n se enmarca en una pol\u00edtica p\u00fablica de salud con enfoque federal y equitativo. Este mi\u00e9rcoles se concret\u00f3 un nuevo operativo sanitario en el [&hellip;]<\/p>\n","protected":false},"author":3,"featured_media":2360,"comment_status":"open","ping_status":"open","sticky":false,"template":"","format":"standard","meta":{"_jetpack_memberships_contains_paid_content":false,"footnotes":""},"categories":[10],"tags":[],"class_list":["post-2358","post","type-post","status-publish","format-standard","has-post-thumbnail","hentry","category-sociedad"],"jetpack_featured_media_url":"https:\/\/pasahoy.com.ar\/ph\/wp-content\/uploads\/2025\/05\/1000379791.jpg","jetpack_sharing_enabled":true,"_links":{"self":[{"href":"https:\/\/pasahoy.com.ar\/ph\/wp-json\/wp\/v2\/posts\/2358","targetHints":{"allow":["GET"]}}],"collection":[{"href":"https:\/\/pasahoy.com.ar\/ph\/wp-json\/wp\/v2\/posts"}],"about":[{"href":"https:\/\/pasahoy.com.ar\/ph\/wp-json\/wp\/v2\/types\/post"}],"author":[{"embeddable":true,"href":"https:\/\/pasahoy.com.ar\/ph\/wp-json\/wp\/v2\/users\/3"}],"replies":[{"embeddable":true,"href":"https:\/\/pasahoy.com.ar\/ph\/wp-json\/wp\/v2\/comments?post=2358"}],"version-history":[{"count":1,"href":"https:\/\/pasahoy.com.ar\/ph\/wp-json\/wp\/v2\/posts\/2358\/revisions"}],"predecessor-version":[{"id":2362,"href":"https:\/\/pasahoy.com.ar\/ph\/wp-json\/wp\/v2\/posts\/2358\/revisions\/2362"}],"wp:featuredmedia":[{"embeddable":true,"href":"https:\/\/pasahoy.com.ar\/ph\/wp-json\/wp\/v2\/media\/2360"}],"wp:attachment":[{"href":"https:\/\/pasahoy.com.ar\/ph\/wp-json\/wp\/v2\/media?parent=2358"}],"wp:term":[{"taxonomy":"category","embeddable":true,"href":"https:\/\/pasahoy.com.ar\/ph\/wp-json\/wp\/v2\/categories?post=2358"},{"taxonomy":"post_tag","embeddable":true,"href":"https:\/\/pasahoy.com.ar\/ph\/wp-json\/wp\/v2\/tags?post=2358"}],"curies":[{"name":"wp","href":"https:\/\/api.w.org\/{rel}","templated":true}]}}