{"id":2351,"date":"2025-05-29T17:12:33","date_gmt":"2025-05-29T17:12:33","guid":{"rendered":"https:\/\/pasahoy.com.ar\/ph\/?p=2351"},"modified":"2025-05-29T17:12:50","modified_gmt":"2025-05-29T17:12:50","slug":"mes-del-cine-nacional-el-gobierno-de-la-rioja-a-traves-de-la-secretaria-de-culturas-del-ministerio-de-turismo-y-culturas-invita-a-participar-de-las-proyecciones-que-se-realizaran-en-espacio-73","status":"publish","type":"post","link":"https:\/\/pasahoy.com.ar\/ph\/mes-del-cine-nacional-el-gobierno-de-la-rioja-a-traves-de-la-secretaria-de-culturas-del-ministerio-de-turismo-y-culturas-invita-a-participar-de-las-proyecciones-que-se-realizaran-en-espacio-73\/","title":{"rendered":"Mes del Cine Nacional: El Gobierno de La Rioja, a trav\u00e9s de la Secretar\u00eda de Culturas del Ministerio de Turismo y Culturas, invita a participar de las proyecciones que se realizar\u00e1n en Espacio 73."},"content":{"rendered":"\n<p>En el marco del Mes del Cine Nacional, La Rioja se suma a este ciclo de Cine Nacional especial que surge como manera de festejo por el D\u00eda del Cine Nacional que se conmemora el 23 de mayo, en homenaje a la primera pel\u00edcula argumental, \u201cLa Revoluci\u00f3n de Mayo\u201d, estrenada en el Teatro Ateneo de Buenos Aires en 1909.<\/p>\n\n\n\n<figure class=\"wp-block-gallery has-nested-images columns-default is-cropped wp-block-gallery-1 is-layout-flex wp-block-gallery-is-layout-flex\">\n<figure class=\"wp-block-image size-large\"><img loading=\"lazy\" decoding=\"async\" width=\"1024\" height=\"1024\" data-id=\"2356\" src=\"https:\/\/pasahoy.com.ar\/ph\/wp-content\/uploads\/2025\/05\/1000379773-1024x1024.jpg\" alt=\"\" class=\"wp-image-2356\" srcset=\"https:\/\/pasahoy.com.ar\/ph\/wp-content\/uploads\/2025\/05\/1000379773-1024x1024.jpg 1024w, https:\/\/pasahoy.com.ar\/ph\/wp-content\/uploads\/2025\/05\/1000379773-300x300.jpg 300w, https:\/\/pasahoy.com.ar\/ph\/wp-content\/uploads\/2025\/05\/1000379773-150x150.jpg 150w, https:\/\/pasahoy.com.ar\/ph\/wp-content\/uploads\/2025\/05\/1000379773-768x768.jpg 768w, https:\/\/pasahoy.com.ar\/ph\/wp-content\/uploads\/2025\/05\/1000379773-1536x1536.jpg 1536w, https:\/\/pasahoy.com.ar\/ph\/wp-content\/uploads\/2025\/05\/1000379773.jpg 1600w\" sizes=\"auto, (max-width: 1024px) 100vw, 1024px\" \/><\/figure>\n\n\n\n<figure class=\"wp-block-image size-large\"><img loading=\"lazy\" decoding=\"async\" width=\"1024\" height=\"1024\" data-id=\"2354\" src=\"https:\/\/pasahoy.com.ar\/ph\/wp-content\/uploads\/2025\/05\/1000379774-1024x1024.jpg\" alt=\"\" class=\"wp-image-2354\" srcset=\"https:\/\/pasahoy.com.ar\/ph\/wp-content\/uploads\/2025\/05\/1000379774-1024x1024.jpg 1024w, https:\/\/pasahoy.com.ar\/ph\/wp-content\/uploads\/2025\/05\/1000379774-300x300.jpg 300w, https:\/\/pasahoy.com.ar\/ph\/wp-content\/uploads\/2025\/05\/1000379774-150x150.jpg 150w, https:\/\/pasahoy.com.ar\/ph\/wp-content\/uploads\/2025\/05\/1000379774-768x768.jpg 768w, https:\/\/pasahoy.com.ar\/ph\/wp-content\/uploads\/2025\/05\/1000379774-1536x1536.jpg 1536w, https:\/\/pasahoy.com.ar\/ph\/wp-content\/uploads\/2025\/05\/1000379774.jpg 1600w\" sizes=\"auto, (max-width: 1024px) 100vw, 1024px\" \/><\/figure>\n\n\n\n<figure class=\"wp-block-image size-large\"><img loading=\"lazy\" decoding=\"async\" width=\"1024\" height=\"1024\" data-id=\"2352\" src=\"https:\/\/pasahoy.com.ar\/ph\/wp-content\/uploads\/2025\/05\/1000379775-1024x1024.jpg\" alt=\"\" class=\"wp-image-2352\" srcset=\"https:\/\/pasahoy.com.ar\/ph\/wp-content\/uploads\/2025\/05\/1000379775-1024x1024.jpg 1024w, https:\/\/pasahoy.com.ar\/ph\/wp-content\/uploads\/2025\/05\/1000379775-300x300.jpg 300w, https:\/\/pasahoy.com.ar\/ph\/wp-content\/uploads\/2025\/05\/1000379775-150x150.jpg 150w, https:\/\/pasahoy.com.ar\/ph\/wp-content\/uploads\/2025\/05\/1000379775-768x768.jpg 768w, https:\/\/pasahoy.com.ar\/ph\/wp-content\/uploads\/2025\/05\/1000379775-1536x1536.jpg 1536w, https:\/\/pasahoy.com.ar\/ph\/wp-content\/uploads\/2025\/05\/1000379775.jpg 1600w\" sizes=\"auto, (max-width: 1024px) 100vw, 1024px\" \/><\/figure>\n\n\n\n<figure class=\"wp-block-image size-large\"><img loading=\"lazy\" decoding=\"async\" width=\"1024\" height=\"1024\" data-id=\"2353\" src=\"https:\/\/pasahoy.com.ar\/ph\/wp-content\/uploads\/2025\/05\/1000379776-1024x1024.jpg\" alt=\"\" class=\"wp-image-2353\" srcset=\"https:\/\/pasahoy.com.ar\/ph\/wp-content\/uploads\/2025\/05\/1000379776-1024x1024.jpg 1024w, https:\/\/pasahoy.com.ar\/ph\/wp-content\/uploads\/2025\/05\/1000379776-300x300.jpg 300w, https:\/\/pasahoy.com.ar\/ph\/wp-content\/uploads\/2025\/05\/1000379776-150x150.jpg 150w, https:\/\/pasahoy.com.ar\/ph\/wp-content\/uploads\/2025\/05\/1000379776-768x768.jpg 768w, https:\/\/pasahoy.com.ar\/ph\/wp-content\/uploads\/2025\/05\/1000379776-1536x1536.jpg 1536w, https:\/\/pasahoy.com.ar\/ph\/wp-content\/uploads\/2025\/05\/1000379776.jpg 1600w\" sizes=\"auto, (max-width: 1024px) 100vw, 1024px\" \/><\/figure>\n\n\n\n<figure class=\"wp-block-image size-large\"><img loading=\"lazy\" decoding=\"async\" width=\"1024\" height=\"1024\" data-id=\"2355\" src=\"https:\/\/pasahoy.com.ar\/ph\/wp-content\/uploads\/2025\/05\/1000379777-1024x1024.jpg\" alt=\"\" class=\"wp-image-2355\" srcset=\"https:\/\/pasahoy.com.ar\/ph\/wp-content\/uploads\/2025\/05\/1000379777-1024x1024.jpg 1024w, https:\/\/pasahoy.com.ar\/ph\/wp-content\/uploads\/2025\/05\/1000379777-300x300.jpg 300w, https:\/\/pasahoy.com.ar\/ph\/wp-content\/uploads\/2025\/05\/1000379777-150x150.jpg 150w, https:\/\/pasahoy.com.ar\/ph\/wp-content\/uploads\/2025\/05\/1000379777-768x768.jpg 768w, https:\/\/pasahoy.com.ar\/ph\/wp-content\/uploads\/2025\/05\/1000379777-1536x1536.jpg 1536w, https:\/\/pasahoy.com.ar\/ph\/wp-content\/uploads\/2025\/05\/1000379777.jpg 1600w\" sizes=\"auto, (max-width: 1024px) 100vw, 1024px\" \/><\/figure>\n<\/figure>\n\n\n\n<p>El Mes del Cine Nacional es una manera de resaltar la riqueza cultural y art\u00edstica del s\u00e9ptimo arte en el pa\u00eds, como as\u00ed tambi\u00e9n, promover y visibilizar la producci\u00f3n cinematogr\u00e1fica argentina y fomentar las obras de nuestros cineastas.<\/p>\n\n\n\n<p>Este ciclo tendr\u00e1 lugar en Espacio 73 (Catamarca 73) con una entrada general de $2000 y una entrada para estudiantes y jubilados de $1000.<\/p>\n\n\n\n<p>La cartelera de estos d\u00edas:<\/p>\n\n\n\n<p><em>Jueves 29<\/em><br><em>20 horas \u2013 Tesis sobre un homicidio<\/em><br>Sinopsis: Roberto Berm\u00fadez, abogado y profesor especializado en Derecho Penal, est\u00e1 convencido de que Gonzalo, uno de sus alumnos m\u00e1s brillantes, es el autor del brutal asesinato de una chica cometido frente a la Facultad de Derecho. Decidido a demostrar su versi\u00f3n del crimen, emprende por su cuenta una investigaci\u00f3n que acabar\u00e1 obsesion\u00e1ndolo.<\/p>\n\n\n\n<p><em>22 horas \u2013 Esperando la Carroza (Remasterizada)<\/em><br>Sinopsis: Mam\u00e1 Cora, muy cerca ya de los ochenta a\u00f1os, tiene tres hijos y una hija. Vive con uno de ellos, que pasa serios apuros econ\u00f3micos. Un d\u00eda la familia se re\u00fane para celebrar una comida de aniversario, y es en ese momento cuando se plantea el gran dilema: \u00bfQui\u00e9n se har\u00e1 cargo de ella llev\u00e1ndosela a su casa? El peliagudo asunto se complica cuando reciben la noticia de que la anciana se ha tirado a la v\u00eda del tren.<\/p>\n\n\n\n<p><em>Viernes 30<\/em><br><em>20 horas &#8211; Hombre muerto<\/em><br>Sinopsis: Un peque\u00f1o pueblo perdido entre monta\u00f1as, paralizado tras el cierre de una mina, recibe la llegada de un forastero, quien ofrece una importante paga a cambio de un trabajo muy especial: matar al propietario de la mina.<\/p>\n\n\n\n<p><em>22 horas \u2013 Esperando la Carroza (Remasterizada)<\/em><\/p>\n\n\n\n<p><em>Domingo 1 de junio<\/em><br><em>20 horas \u2013 Dos hermanos<\/em><br>Sinopsis: Marcos y Susana, dos hermanos que rondan los sesenta, viven en un continuo y c\u00f3mico enfrentamiento. Sus vidas y sus temperamentos son completamente distintos, pero se ven obligados a afianzar su relaci\u00f3n tras la muerte de su madre. Susana, con una personalidad entre avasalladora y delirante, y que siempre hace los bussines en la familia, convence a su hermano Marcos, un orfebre culto y sensible, para que compre una vieja casa en un peque\u00f1o pueblo uruguayo. Comenzar\u00e1n as\u00ed un nuevo periodo de su vida en el que no sabr\u00e1n estar juntos ni separados.<\/p>\n\n\n\n<p><em>22 horas \u2013 Esperando la Carroza (remasterizado)<\/em><\/p>\n\n\n\n<p><em>Para notas y entrevistas<\/em><br>Nicol\u00e1s Halkett, subsecretario de Gesti\u00f3n Cultural: 3804 51-0648<\/p>\n","protected":false},"excerpt":{"rendered":"<p>En el marco del Mes del Cine Nacional, La Rioja se suma a este ciclo de Cine Nacional especial que surge como manera de festejo por el D\u00eda del Cine Nacional que se conmemora el 23 de mayo, en homenaje a la primera pel\u00edcula argumental, \u201cLa Revoluci\u00f3n de Mayo\u201d, estrenada en el Teatro Ateneo de [&hellip;]<\/p>\n","protected":false},"author":3,"featured_media":2356,"comment_status":"open","ping_status":"open","sticky":false,"template":"","format":"standard","meta":{"_jetpack_memberships_contains_paid_content":false,"footnotes":""},"categories":[5],"tags":[],"class_list":["post-2351","post","type-post","status-publish","format-standard","has-post-thumbnail","hentry","category-espectaculo"],"jetpack_featured_media_url":"https:\/\/pasahoy.com.ar\/ph\/wp-content\/uploads\/2025\/05\/1000379773.jpg","jetpack_sharing_enabled":true,"_links":{"self":[{"href":"https:\/\/pasahoy.com.ar\/ph\/wp-json\/wp\/v2\/posts\/2351","targetHints":{"allow":["GET"]}}],"collection":[{"href":"https:\/\/pasahoy.com.ar\/ph\/wp-json\/wp\/v2\/posts"}],"about":[{"href":"https:\/\/pasahoy.com.ar\/ph\/wp-json\/wp\/v2\/types\/post"}],"author":[{"embeddable":true,"href":"https:\/\/pasahoy.com.ar\/ph\/wp-json\/wp\/v2\/users\/3"}],"replies":[{"embeddable":true,"href":"https:\/\/pasahoy.com.ar\/ph\/wp-json\/wp\/v2\/comments?post=2351"}],"version-history":[{"count":1,"href":"https:\/\/pasahoy.com.ar\/ph\/wp-json\/wp\/v2\/posts\/2351\/revisions"}],"predecessor-version":[{"id":2357,"href":"https:\/\/pasahoy.com.ar\/ph\/wp-json\/wp\/v2\/posts\/2351\/revisions\/2357"}],"wp:featuredmedia":[{"embeddable":true,"href":"https:\/\/pasahoy.com.ar\/ph\/wp-json\/wp\/v2\/media\/2356"}],"wp:attachment":[{"href":"https:\/\/pasahoy.com.ar\/ph\/wp-json\/wp\/v2\/media?parent=2351"}],"wp:term":[{"taxonomy":"category","embeddable":true,"href":"https:\/\/pasahoy.com.ar\/ph\/wp-json\/wp\/v2\/categories?post=2351"},{"taxonomy":"post_tag","embeddable":true,"href":"https:\/\/pasahoy.com.ar\/ph\/wp-json\/wp\/v2\/tags?post=2351"}],"curies":[{"name":"wp","href":"https:\/\/api.w.org\/{rel}","templated":true}]}}