{"id":2346,"date":"2025-05-29T09:48:19","date_gmt":"2025-05-29T09:48:19","guid":{"rendered":"https:\/\/pasahoy.com.ar\/ph\/?p=2346"},"modified":"2025-05-29T09:48:19","modified_gmt":"2025-05-29T09:48:19","slug":"quintela-encabezo-los-actos-por-el-aniversario-de-rosario-vera-penaloza-y-llamo-a-proyectar-un-futuro-con-mas-oportunidades","status":"publish","type":"post","link":"https:\/\/pasahoy.com.ar\/ph\/quintela-encabezo-los-actos-por-el-aniversario-de-rosario-vera-penaloza-y-llamo-a-proyectar-un-futuro-con-mas-oportunidades\/","title":{"rendered":"Quintela encabez\u00f3 los actos por el aniversario de Rosario Vera Pe\u00f1aloza y llam\u00f3 a proyectar un futuro con m\u00e1s oportunidades"},"content":{"rendered":"\n<p><em>En el 139\u00b0 aniversario del departamento, el Gobernador destac\u00f3 las obras realizadas, traz\u00f3 diferencias con el modelo nacional y convoc\u00f3 a reflexionar sobre el rumbo del pa\u00eds. La intendenta Carrizo pidi\u00f3 compromiso pol\u00edtico y defendi\u00f3 el acceso a derechos esenciales como el agua y la conectividad.<\/em><\/p>\n\n\n\n<figure class=\"wp-block-gallery has-nested-images columns-default is-cropped wp-block-gallery-1 is-layout-flex wp-block-gallery-is-layout-flex\">\n<figure class=\"wp-block-image size-large\"><img loading=\"lazy\" decoding=\"async\" width=\"1024\" height=\"684\" data-id=\"2347\" src=\"https:\/\/pasahoy.com.ar\/ph\/wp-content\/uploads\/2025\/05\/1000378474-1024x684.jpg\" alt=\"\" class=\"wp-image-2347\" srcset=\"https:\/\/pasahoy.com.ar\/ph\/wp-content\/uploads\/2025\/05\/1000378474-1024x684.jpg 1024w, https:\/\/pasahoy.com.ar\/ph\/wp-content\/uploads\/2025\/05\/1000378474-300x200.jpg 300w, https:\/\/pasahoy.com.ar\/ph\/wp-content\/uploads\/2025\/05\/1000378474-768x513.jpg 768w, https:\/\/pasahoy.com.ar\/ph\/wp-content\/uploads\/2025\/05\/1000378474.jpg 1280w\" sizes=\"auto, (max-width: 1024px) 100vw, 1024px\" \/><\/figure>\n\n\n\n<figure class=\"wp-block-image size-large\"><img loading=\"lazy\" decoding=\"async\" width=\"1024\" height=\"792\" data-id=\"2348\" src=\"https:\/\/pasahoy.com.ar\/ph\/wp-content\/uploads\/2025\/05\/1000378475-1024x792.jpg\" alt=\"\" class=\"wp-image-2348\" srcset=\"https:\/\/pasahoy.com.ar\/ph\/wp-content\/uploads\/2025\/05\/1000378475-1024x792.jpg 1024w, https:\/\/pasahoy.com.ar\/ph\/wp-content\/uploads\/2025\/05\/1000378475-300x232.jpg 300w, https:\/\/pasahoy.com.ar\/ph\/wp-content\/uploads\/2025\/05\/1000378475-768x594.jpg 768w, https:\/\/pasahoy.com.ar\/ph\/wp-content\/uploads\/2025\/05\/1000378475.jpg 1280w\" sizes=\"auto, (max-width: 1024px) 100vw, 1024px\" \/><\/figure>\n\n\n\n<figure class=\"wp-block-image size-large\"><img loading=\"lazy\" decoding=\"async\" width=\"1024\" height=\"684\" data-id=\"2349\" src=\"https:\/\/pasahoy.com.ar\/ph\/wp-content\/uploads\/2025\/05\/1000378478-1024x684.jpg\" alt=\"\" class=\"wp-image-2349\" srcset=\"https:\/\/pasahoy.com.ar\/ph\/wp-content\/uploads\/2025\/05\/1000378478-1024x684.jpg 1024w, https:\/\/pasahoy.com.ar\/ph\/wp-content\/uploads\/2025\/05\/1000378478-300x200.jpg 300w, https:\/\/pasahoy.com.ar\/ph\/wp-content\/uploads\/2025\/05\/1000378478-768x513.jpg 768w, https:\/\/pasahoy.com.ar\/ph\/wp-content\/uploads\/2025\/05\/1000378478.jpg 1280w\" sizes=\"auto, (max-width: 1024px) 100vw, 1024px\" \/><\/figure>\n<\/figure>\n\n\n\n<p>El gobernador Ricardo Quintela presidi\u00f3 este mi\u00e9rcoles los actos conmemorativos por el 139\u00b0 aniversario del Departamento de Rosario Vera Pe\u00f1aloza, acompa\u00f1ado por la vicegobernadora Teresita Madera, la intendenta Laura Carrizo, diputados provinciales y autoridades locales, adem\u00e1s de representantes de Gendarmer\u00eda Nacional, Polic\u00eda de la Provincia y de la Iglesia.<br>Durante su discurso, Quintela subray\u00f3 el impacto de las obras y acciones que el Gobierno provincial viene ejecutando en el departamento. \u201cEsta tarea tiene dos puntos fundamentales: primero, los destinatarios de las obras, los habitantes de Rosario Vera Pe\u00f1aloza, y segundo, la presencia del Estado, que debe estar en la resoluci\u00f3n de los problemas y en la satisfacci\u00f3n de la comunidad cuando esas soluciones se concretan\u201d, afirm\u00f3.<br>Entre los trabajos mencionados, el mandatario provincial destac\u00f3 obras de energ\u00eda, infraestructura h\u00eddrica, mantenimiento de caminos y mejoras en hospitales. \u201cEstas son acciones en las que el Estado debe estar presente para garantizar derechos y bienestar a la poblaci\u00f3n\u201d, insisti\u00f3.<br>En ese marco, Quintela traz\u00f3 una diferencia con el modelo impulsado desde el Gobierno nacional. \u201cHoy en Argentina se debaten dos modelos de pa\u00eds. Uno propone la ausencia del Estado, que las obras las hagan los privados. Pero eso le quita sentido al rol estatal, porque la ciudadan\u00eda vota para que se generen expectativas que transformen su vida en forma positiva\u201d, expres\u00f3.<br>Asimismo, el Gobernador defendi\u00f3 la intervenci\u00f3n p\u00fablica y subray\u00f3 que \u201cla sociedad tributa, paga impuestos y tasas, para que el Estado se haga cargo de garantizar obras y servicios que permitan vivir en una comunidad organizada\u201d.<br>Quintela tambi\u00e9n destac\u00f3 la reciente reforma de la Constituci\u00f3n Provincial, donde se incorporaron los denominados derechos de cuarta generaci\u00f3n. \u201cIntrodujimos el derecho al agua, a la energ\u00eda y a la conectividad. Una comunidad no puede desarrollarse si no hay un Estado que garantice estos derechos\u201d, se\u00f1al\u00f3.<br>En otro tramo, el gobernador advirti\u00f3 sobre el desconocimiento que existe desde el poder central respecto de las realidades provinciales. \u201cSe expresan en t\u00e9rminos irreproducibles, destratando a una sociedad que vot\u00f3 con esperanza. Por eso trabajamos para despertar conciencia en nuestra gente, con un mensaje c\u00edvico, social y democr\u00e1tico\u201d, dijo.<br>Adem\u00e1s, consider\u00f3 imprescindible atraer inversiones y capitales para ampliar las oportunidades de desarrollo. \u201cNecesitamos leyes de promoci\u00f3n para que haya inversiones reales, porque nadie arriesga donde no hay previsibilidad ni beneficios. El Estado nacional debe generar instrumentos que ayuden a nuestras provincias a desarrollarse, para que cada familia tenga garantizado el trabajo, la alimentaci\u00f3n, la educaci\u00f3n y la salud\u201d, expres\u00f3.<br>Finalmente, llam\u00f3 a la ciudadan\u00eda a reflexionar sobre el rumbo que se desea para el pa\u00eds. \u201cEntre todos podemos construir la provincia que anhelamos. Espero que sigan con esta fuerza y esta pasi\u00f3n que caracteriza al pueblo de Rosario Vera Pe\u00f1aloza, para que ocupen el lugar que les corresponde\u201d, concluy\u00f3.<\/p>\n\n\n\n<p><em>Un futuro inclusivo<\/em><br>Por su parte, la intendenta Laura Carrizo celebr\u00f3 este nuevo aniversario como un momento de memoria y proyecci\u00f3n. \u201cHoy celebramos casi 14 d\u00e9cadas de historia, de trabajo y lucha por un departamento mejor. Nos proyectamos hacia un futuro inclusivo, justo, donde nuestros hijos puedan elegir quedarse en esta tierra que amamos\u201d, expres\u00f3.<br>Carrizo record\u00f3 tambi\u00e9n la grave crisis h\u00eddrica que afect\u00f3 a la zona. \u201cA pesar del contexto nacional adverso, respondimos con gesti\u00f3n y decisi\u00f3n pol\u00edtica para garantizar el acceso al agua, un derecho consagrado en nuestra Constituci\u00f3n. Lo hicimos junto al Gobierno provincial, trabajando codo a codo\u201d, se\u00f1al\u00f3.<br>Por \u00faltimo, la jefa comunal record\u00f3 que este 2025 es un a\u00f1o electoral y llam\u00f3 a defender la presencia del Estado. \u201cVamos a elegir representantes y, con ellos, una idea de pa\u00eds. Les pido a todas las fuerzas pol\u00edticas que trabajemos con compromiso y generosidad. La provincia que so\u00f1amos se construye entre todas y todos\u201d, cerr\u00f3.<\/p>\n","protected":false},"excerpt":{"rendered":"<p>En el 139\u00b0 aniversario del departamento, el Gobernador destac\u00f3 las obras realizadas, traz\u00f3 diferencias con el modelo nacional y convoc\u00f3 a reflexionar sobre el rumbo del pa\u00eds. La intendenta Carrizo pidi\u00f3 compromiso pol\u00edtico y defendi\u00f3 el acceso a derechos esenciales como el agua y la conectividad. El gobernador Ricardo Quintela presidi\u00f3 este mi\u00e9rcoles los actos [&hellip;]<\/p>\n","protected":false},"author":3,"featured_media":2347,"comment_status":"open","ping_status":"open","sticky":false,"template":"","format":"standard","meta":{"_jetpack_memberships_contains_paid_content":false,"footnotes":""},"categories":[1],"tags":[],"class_list":["post-2346","post","type-post","status-publish","format-standard","has-post-thumbnail","hentry","category-local"],"jetpack_featured_media_url":"https:\/\/pasahoy.com.ar\/ph\/wp-content\/uploads\/2025\/05\/1000378474.jpg","jetpack_sharing_enabled":true,"_links":{"self":[{"href":"https:\/\/pasahoy.com.ar\/ph\/wp-json\/wp\/v2\/posts\/2346","targetHints":{"allow":["GET"]}}],"collection":[{"href":"https:\/\/pasahoy.com.ar\/ph\/wp-json\/wp\/v2\/posts"}],"about":[{"href":"https:\/\/pasahoy.com.ar\/ph\/wp-json\/wp\/v2\/types\/post"}],"author":[{"embeddable":true,"href":"https:\/\/pasahoy.com.ar\/ph\/wp-json\/wp\/v2\/users\/3"}],"replies":[{"embeddable":true,"href":"https:\/\/pasahoy.com.ar\/ph\/wp-json\/wp\/v2\/comments?post=2346"}],"version-history":[{"count":1,"href":"https:\/\/pasahoy.com.ar\/ph\/wp-json\/wp\/v2\/posts\/2346\/revisions"}],"predecessor-version":[{"id":2350,"href":"https:\/\/pasahoy.com.ar\/ph\/wp-json\/wp\/v2\/posts\/2346\/revisions\/2350"}],"wp:featuredmedia":[{"embeddable":true,"href":"https:\/\/pasahoy.com.ar\/ph\/wp-json\/wp\/v2\/media\/2347"}],"wp:attachment":[{"href":"https:\/\/pasahoy.com.ar\/ph\/wp-json\/wp\/v2\/media?parent=2346"}],"wp:term":[{"taxonomy":"category","embeddable":true,"href":"https:\/\/pasahoy.com.ar\/ph\/wp-json\/wp\/v2\/categories?post=2346"},{"taxonomy":"post_tag","embeddable":true,"href":"https:\/\/pasahoy.com.ar\/ph\/wp-json\/wp\/v2\/tags?post=2346"}],"curies":[{"name":"wp","href":"https:\/\/api.w.org\/{rel}","templated":true}]}}