{"id":2339,"date":"2025-05-29T09:35:50","date_gmt":"2025-05-29T09:35:50","guid":{"rendered":"https:\/\/pasahoy.com.ar\/ph\/?p=2339"},"modified":"2025-05-29T09:36:08","modified_gmt":"2025-05-29T09:36:08","slug":"fallecio-detenido-de-25-anos-que-ingreso-en-horas-de-la-tarde-a-la-alcaidia","status":"publish","type":"post","link":"https:\/\/pasahoy.com.ar\/ph\/fallecio-detenido-de-25-anos-que-ingreso-en-horas-de-la-tarde-a-la-alcaidia\/","title":{"rendered":"Falleci\u00f3 detenido de 25 a\u00f1os que ingres\u00f3 en horas de la tarde a la Alcaid\u00eda"},"content":{"rendered":"\n<p>La persona fallecida hab\u00eda sido detenida por una causa penal e ingres\u00f3 a la Alcaid\u00eda en horas de la tarde. Tras episodio de convulsiones, falleci\u00f3. La causal de la muerte ser\u00e1 determinada luego de la autopsia. Trabajan la Polic\u00eda T\u00e9cnica Judicial y la divisi\u00f3n Homicidios. <\/p>\n\n\n\n<p>El jefe de la Polic\u00eda Provincial, comisario Alberto Castillo brind\u00f3 declaraciones a los medios sobre lo sucedido en la Alcaid\u00eda.Castillo precis\u00f3 que la persona se encontraba en la Comisar\u00eda Primera alrededor de las 16 horas, donde fue notificado de la causa penal que se le estaba instruyendo, ocasi\u00f3n en la que se descompone y se produce un corte en la parte frontal. Ante esta situaci\u00f3n, se solicit\u00f3 la ambulancia. Fue examinado, se le realizaron las curaciones y se evalu\u00f3 que no era motivo para ser trasladado al nosocomio, por lo cual la ambulancia se retira.<\/p>\n\n\n\n<p>\u201cTras las diligencias correspondientes por parte de Comisaria Primera, se lo traslada a Alcaid\u00eda donde es examinado por el personal de turno en enfermer\u00eda quienes solicitan por protocolo de ingreso que sea trasladado al Hospital para las curaciones\u201d.<\/p>\n\n\n\n<p>\u201cLo llevan al hospital, le realizan placas y regresa nuevamente a Alcaid\u00eda ingresando como detenido. Una vez que ingresa al pabell\u00f3n que le correspond\u00eda, a los 5 o 10 minutos ingres\u00f3 al ba\u00f1o y posteriormente empez\u00f3 con convulsiones motivo por el cual se lo extrae de la celda y se solicit\u00f3 la ambulancia\u201d, detall\u00f3 el jefe policial sobre los hechos.<\/p>\n\n\n\n<p>https:\/\/googleads.g.doubleclick.net\/pagead\/ads?gdpr=0&#038;client=ca-pub-8485196261787595&#038;output=html&#038;h=400&#038;adk=2149549104&#038;adf=2073858537&#038;pi=t.aa~a.2776832707~i.46~rp.4&#038;w=400&#038;abgtt=9&#038;lmt=1748511175&#038;num_ads=1&#038;rafmt=1&#038;armr=3&#038;sem=mc&#038;pwprc=1239575261&#038;ad_type=text_image&#038;format=400&#215;400&#038;url=https%3A%2F%2Fwww.elindependiente.com.ar%2Fpagina.php%3Fid%3D366748%26fbclid%3DIwY2xjawKlCRNleHRuA2FlbQIxMQABHnTCDep6jgbOv3UAoB4FjvreTw6MjsP1ePVmeGPBx8N4TQUQEdkW22g9Gz1Y_aem_lj868sS7cenxp8SbszKeiw&#038;fwr=1&#038;pra=3&#038;rh=294&#038;rw=352&#038;rpe=1&#038;resp_fmts=3&#038;sfro=1&#038;wgl=1&#038;fa=27&#038;uach=WyJBbmRyb2lkIiwiMTQuMC4wIiwiIiwibW90byBnODUgNUciLCIxMzYuMC43MTAzLjEyNSIsbnVsbCwxLG51bGwsIiIsW1siQ2hyb21pdW0iLCIxMzYuMC43MTAzLjEyNSJdLFsiQW5kcm9pZCBXZWJWaWV3IiwiMTM2LjAuNzEwMy4xMjUiXSxbIk5vdC5BL0JyYW5kIiwiOTkuMC4wLjAiXV0sMF0.&#038;dt=1748511175178&#038;bpp=4&#038;bdt=1388&#038;idt=4&#038;shv=r20250527&#038;mjsv=m202505280101&#038;ptt=9&#038;saldr=aa&#038;abxe=1&#038;cookie=ID%3D549f52bef45189af%3AT%3D1748511148%3ART%3D1748511148%3AS%3DALNI_MYzKjC4GiWbr_5F5Wkgk-7kEeX4-g&#038;gpic=UID%3D000010d1839d20fa%3AT%3D1748511148%3ART%3D1748511148%3AS%3DALNI_MbAZq1EthF-DOifRSR6kAGvVRpVyw&#038;eo_id_str=ID%3Daed34daf8dce1e2f%3AT%3D1748511148%3ART%3D1748511148%3AS%3DAA-AfjYKijv5Q6s8BG6v8wL-9C5t&#038;prev_fmts=400&#215;400%2C400x400%2C0x0%2C400x400%2C400x400%2C400x100&#038;nras=6&#038;correlator=8044241684439&#038;frm=20&#038;pv=1&#038;u_tz=-180&#038;u_his=1&#038;u_h=889&#038;u_w=400&#038;u_ah=889&#038;u_aw=400&#038;u_cd=24&#038;u_sd=2.7&#038;dmc=8&#038;adx=0&#038;ady=6533&#038;biw=400&#038;bih=749&#038;scr_x=0&#038;scr_y=1303&#038;eid=42531705%2C95353386%2C95360813%2C31092751%2C42533293%2C95361623%2C95362174&#038;oid=2&#038;pvsid=345398861540375&#038;tmod=114279876&#038;uas=0&#038;nvt=1&#038;ref=https%3A%2F%2Flm.facebook.com%2F&#038;fc=384&#038;brdim=0%2C0%2C0%2C0%2C400%2C0%2C400%2C749%2C400%2C749&#038;vis=1&#038;rsz=%7C%7Cs%7C&#038;abl=NS&#038;fu=128&#038;bc=31&#038;bz=1&#038;psd=W251bGwsbnVsbCxudWxsLDNd&#038;nt=1&#038;ifi=7&#038;uci=a!7&#038;btvi=5&#038;fsb=1&#038;dtd=625<\/p>\n\n\n\n<p>\u201cLo examinan y ante la insistencia del enfermero de la Alcaid\u00eda que insist\u00eda que lo trasladen, cuando se estaba por hacer el traslado en la ambulancia policial, empez\u00f3 nuevamente con convulsiones y un paro cardio respiratorio aparentemente en donde descienden con la camilla y fallece en el lugar\u201d, inform\u00f3.<\/p>\n\n\n\n<p>Sobre los datos de la persona, Castillo precis\u00f3 que se trata de \u201cCristi\u00e1n Luj\u00e1n, de 25 de a\u00f1os de edad, estaba a disposici\u00f3n de Comisar\u00eda Primera al ingresar detenido a la misma\u201d. Supuestamente estar\u00eda sindicado como el autor del robo a una carnicer\u00eda ocurrido en horas de la ma\u00f1ana, en base a reconocimiento por las c\u00e1maras del 911.<\/p>\n\n\n\n<p>La causal de la muerte no est\u00e1 determinada hasta tanto no se realice la autopsia.<\/p>\n\n\n\n<p>Intervino la policial t\u00e9cnica judicial y la divisi\u00f3n homicidios.<\/p>\n\n\n\n<figure class=\"wp-block-gallery has-nested-images columns-default is-cropped wp-block-gallery-1 is-layout-flex wp-block-gallery-is-layout-flex\">\n<figure class=\"wp-block-image size-large\"><img loading=\"lazy\" decoding=\"async\" width=\"900\" height=\"900\" data-id=\"2340\" src=\"https:\/\/pasahoy.com.ar\/ph\/wp-content\/uploads\/2025\/05\/1000378043.jpg\" alt=\"\" class=\"wp-image-2340\" srcset=\"https:\/\/pasahoy.com.ar\/ph\/wp-content\/uploads\/2025\/05\/1000378043.jpg 900w, https:\/\/pasahoy.com.ar\/ph\/wp-content\/uploads\/2025\/05\/1000378043-300x300.jpg 300w, https:\/\/pasahoy.com.ar\/ph\/wp-content\/uploads\/2025\/05\/1000378043-150x150.jpg 150w, https:\/\/pasahoy.com.ar\/ph\/wp-content\/uploads\/2025\/05\/1000378043-768x768.jpg 768w\" sizes=\"auto, (max-width: 900px) 100vw, 900px\" \/><\/figure>\n\n\n\n<figure class=\"wp-block-image size-large\"><img loading=\"lazy\" decoding=\"async\" width=\"502\" height=\"501\" data-id=\"2341\" src=\"https:\/\/pasahoy.com.ar\/ph\/wp-content\/uploads\/2025\/05\/1000378042.jpg\" alt=\"\" class=\"wp-image-2341\" srcset=\"https:\/\/pasahoy.com.ar\/ph\/wp-content\/uploads\/2025\/05\/1000378042.jpg 502w, https:\/\/pasahoy.com.ar\/ph\/wp-content\/uploads\/2025\/05\/1000378042-300x300.jpg 300w, https:\/\/pasahoy.com.ar\/ph\/wp-content\/uploads\/2025\/05\/1000378042-150x150.jpg 150w\" sizes=\"auto, (max-width: 502px) 100vw, 502px\" \/><\/figure>\n<\/figure>\n","protected":false},"excerpt":{"rendered":"<p>La persona fallecida hab\u00eda sido detenida por una causa penal e ingres\u00f3 a la Alcaid\u00eda en horas de la tarde. Tras episodio de convulsiones, falleci\u00f3. La causal de la muerte ser\u00e1 determinada luego de la autopsia. Trabajan la Polic\u00eda T\u00e9cnica Judicial y la divisi\u00f3n Homicidios. El jefe de la Polic\u00eda Provincial, comisario Alberto Castillo brind\u00f3 [&hellip;]<\/p>\n","protected":false},"author":3,"featured_media":2340,"comment_status":"open","ping_status":"open","sticky":false,"template":"","format":"standard","meta":{"_jetpack_memberships_contains_paid_content":false,"footnotes":""},"categories":[9],"tags":[],"class_list":["post-2339","post","type-post","status-publish","format-standard","has-post-thumbnail","hentry","category-policial"],"jetpack_featured_media_url":"https:\/\/pasahoy.com.ar\/ph\/wp-content\/uploads\/2025\/05\/1000378043.jpg","jetpack_sharing_enabled":true,"_links":{"self":[{"href":"https:\/\/pasahoy.com.ar\/ph\/wp-json\/wp\/v2\/posts\/2339","targetHints":{"allow":["GET"]}}],"collection":[{"href":"https:\/\/pasahoy.com.ar\/ph\/wp-json\/wp\/v2\/posts"}],"about":[{"href":"https:\/\/pasahoy.com.ar\/ph\/wp-json\/wp\/v2\/types\/post"}],"author":[{"embeddable":true,"href":"https:\/\/pasahoy.com.ar\/ph\/wp-json\/wp\/v2\/users\/3"}],"replies":[{"embeddable":true,"href":"https:\/\/pasahoy.com.ar\/ph\/wp-json\/wp\/v2\/comments?post=2339"}],"version-history":[{"count":1,"href":"https:\/\/pasahoy.com.ar\/ph\/wp-json\/wp\/v2\/posts\/2339\/revisions"}],"predecessor-version":[{"id":2342,"href":"https:\/\/pasahoy.com.ar\/ph\/wp-json\/wp\/v2\/posts\/2339\/revisions\/2342"}],"wp:featuredmedia":[{"embeddable":true,"href":"https:\/\/pasahoy.com.ar\/ph\/wp-json\/wp\/v2\/media\/2340"}],"wp:attachment":[{"href":"https:\/\/pasahoy.com.ar\/ph\/wp-json\/wp\/v2\/media?parent=2339"}],"wp:term":[{"taxonomy":"category","embeddable":true,"href":"https:\/\/pasahoy.com.ar\/ph\/wp-json\/wp\/v2\/categories?post=2339"},{"taxonomy":"post_tag","embeddable":true,"href":"https:\/\/pasahoy.com.ar\/ph\/wp-json\/wp\/v2\/tags?post=2339"}],"curies":[{"name":"wp","href":"https:\/\/api.w.org\/{rel}","templated":true}]}}