{"id":2328,"date":"2025-05-28T19:07:51","date_gmt":"2025-05-28T19:07:51","guid":{"rendered":"https:\/\/pasahoy.com.ar\/ph\/?p=2328"},"modified":"2025-05-28T19:08:15","modified_gmt":"2025-05-28T19:08:15","slug":"robaron-una-carniceria-en-pleno-centro-se-llevaron-carne-y-700-mil","status":"publish","type":"post","link":"https:\/\/pasahoy.com.ar\/ph\/robaron-una-carniceria-en-pleno-centro-se-llevaron-carne-y-700-mil\/","title":{"rendered":"Robaron una carnicer\u00eda en pleno centro: se llevaron carne y $700 mil"},"content":{"rendered":"\n<p>Un importante robo tuvo lugar durante la madrugada del martes en la carnicer\u00eda \u00abLa Primicia\u00bb, ubicada en la intersecci\u00f3n de Pelagio B. Luna y avenida Gordillo, pleno centro de la capital riojana. Delincuentes rompieron un vidrio para ingresar al local y sustrajeron dinero en efectivo y varios cortes de carne.<\/p>\n\n\n\n<p>Gustavo Gonz\u00e1lez, comisario y segundo jefe de la Comisar\u00eda Primera, confirm\u00f3 que el hecho ya est\u00e1 siendo investigado por personal del 911 y la divisi\u00f3n de sumarios penales. \u201cLamentablemente el local no cuenta con c\u00e1maras de seguridad y no se registraron testigos. Sin embargo, estamos trabajando intensamente para esclarecer el hecho\u201d, se\u00f1al\u00f3.<\/p>\n\n\n\n<p>El monto denunciado como robado asciende a los 700 mil pesos, seg\u00fan lo manifestado por el propietario del comercio. Adem\u00e1s del efectivo, tambi\u00e9n se llevaron una cantidad significativa de mercader\u00eda.<\/p>\n\n\n\n<figure class=\"wp-block-gallery has-nested-images columns-default is-cropped wp-block-gallery-1 is-layout-flex wp-block-gallery-is-layout-flex\">\n<figure class=\"wp-block-image size-large\"><img loading=\"lazy\" decoding=\"async\" width=\"790\" height=\"493\" data-id=\"2329\" src=\"https:\/\/pasahoy.com.ar\/ph\/wp-content\/uploads\/2025\/05\/1000376748.png\" alt=\"\" class=\"wp-image-2329\" srcset=\"https:\/\/pasahoy.com.ar\/ph\/wp-content\/uploads\/2025\/05\/1000376748.png 790w, https:\/\/pasahoy.com.ar\/ph\/wp-content\/uploads\/2025\/05\/1000376748-300x187.png 300w, https:\/\/pasahoy.com.ar\/ph\/wp-content\/uploads\/2025\/05\/1000376748-768x479.png 768w\" sizes=\"auto, (max-width: 790px) 100vw, 790px\" \/><\/figure>\n<\/figure>\n","protected":false},"excerpt":{"rendered":"<p>Un importante robo tuvo lugar durante la madrugada del martes en la carnicer\u00eda \u00abLa Primicia\u00bb, ubicada en la intersecci\u00f3n de Pelagio B. Luna y avenida Gordillo, pleno centro de la capital riojana. Delincuentes rompieron un vidrio para ingresar al local y sustrajeron dinero en efectivo y varios cortes de carne. Gustavo Gonz\u00e1lez, comisario y segundo [&hellip;]<\/p>\n","protected":false},"author":3,"featured_media":2329,"comment_status":"open","ping_status":"open","sticky":false,"template":"","format":"standard","meta":{"_jetpack_memberships_contains_paid_content":false,"footnotes":""},"categories":[9],"tags":[],"class_list":["post-2328","post","type-post","status-publish","format-standard","has-post-thumbnail","hentry","category-policial"],"jetpack_featured_media_url":"https:\/\/pasahoy.com.ar\/ph\/wp-content\/uploads\/2025\/05\/1000376748.png","jetpack_sharing_enabled":true,"_links":{"self":[{"href":"https:\/\/pasahoy.com.ar\/ph\/wp-json\/wp\/v2\/posts\/2328","targetHints":{"allow":["GET"]}}],"collection":[{"href":"https:\/\/pasahoy.com.ar\/ph\/wp-json\/wp\/v2\/posts"}],"about":[{"href":"https:\/\/pasahoy.com.ar\/ph\/wp-json\/wp\/v2\/types\/post"}],"author":[{"embeddable":true,"href":"https:\/\/pasahoy.com.ar\/ph\/wp-json\/wp\/v2\/users\/3"}],"replies":[{"embeddable":true,"href":"https:\/\/pasahoy.com.ar\/ph\/wp-json\/wp\/v2\/comments?post=2328"}],"version-history":[{"count":1,"href":"https:\/\/pasahoy.com.ar\/ph\/wp-json\/wp\/v2\/posts\/2328\/revisions"}],"predecessor-version":[{"id":2330,"href":"https:\/\/pasahoy.com.ar\/ph\/wp-json\/wp\/v2\/posts\/2328\/revisions\/2330"}],"wp:featuredmedia":[{"embeddable":true,"href":"https:\/\/pasahoy.com.ar\/ph\/wp-json\/wp\/v2\/media\/2329"}],"wp:attachment":[{"href":"https:\/\/pasahoy.com.ar\/ph\/wp-json\/wp\/v2\/media?parent=2328"}],"wp:term":[{"taxonomy":"category","embeddable":true,"href":"https:\/\/pasahoy.com.ar\/ph\/wp-json\/wp\/v2\/categories?post=2328"},{"taxonomy":"post_tag","embeddable":true,"href":"https:\/\/pasahoy.com.ar\/ph\/wp-json\/wp\/v2\/tags?post=2328"}],"curies":[{"name":"wp","href":"https:\/\/api.w.org\/{rel}","templated":true}]}}