{"id":2317,"date":"2025-05-28T18:55:02","date_gmt":"2025-05-28T18:55:02","guid":{"rendered":"https:\/\/pasahoy.com.ar\/ph\/?p=2317"},"modified":"2025-05-28T18:55:20","modified_gmt":"2025-05-28T18:55:20","slug":"el-senado-comienza-a-debatir-la-ampliacion-de-la-corte-suprema-los-distintos-proyectos-presentados","status":"publish","type":"post","link":"https:\/\/pasahoy.com.ar\/ph\/el-senado-comienza-a-debatir-la-ampliacion-de-la-corte-suprema-los-distintos-proyectos-presentados\/","title":{"rendered":"El Senado comienza a debatir la ampliaci\u00f3n de la Corte Suprema: los distintos proyectos presentados"},"content":{"rendered":"\n<p>La cita ser\u00e1 en un plenario entre las comisiones de Asuntos constitucionales y de Justicia y Asuntos Penales. Las iniciativas son todas de la oposici\u00f3n, aunque el Gobierno est\u00e1 a favor de ampliar el M\u00e1ximo Tribunal.<\/p>\n\n\n\n<p>Con las fallidas designaciones de\u00a0<strong>Ariel Lijo y Manuel Garc\u00eda-Mansilla<\/strong>\u00a0en la Corte Suprema de Justicia, el M\u00e1ximo Tribunal funciona en la actualidad con<strong>\u00a0solo 3 de los 5 jueces<\/strong>. Carlos Rosenkrantz, Horacio Rosatti y Ricardo Lorenzetti son los \u00fanicos miembros activos.<\/p>\n\n\n\n<p>Al respecto, este mi\u00e9rcoles se realizar\u00e1 una reuni\u00f3n plenaria entre las comisiones de Asuntos Constitucionales, y de Justicia y Asuntos Penales, para empezar a debatir los ocho proyectos de ley de ampliaci\u00f3n de la Corte. Entre ellos, hay iniciativas que proponen llevar el n\u00famero\u00a0<strong>de 5 a 7 miembros<\/strong>, y otras que apuntan a\u00a0<strong>llegar a 15 jueces<\/strong>.<\/p>\n\n\n\n<p>Los proyectos presentados corresponden a la senadora&nbsp;<strong>Lucila Crexell<\/strong>&nbsp;(Movimiento Popular Neuquino);&nbsp;<strong>Alejandra Vigo<\/strong>&nbsp;(Unidad Federal);<strong>&nbsp;Flavio Fama<\/strong>&nbsp;(UCR);&nbsp;<strong>M\u00f3nica Silva<\/strong>&nbsp;(Juntos Somos R\u00edo Negro);<strong>&nbsp;Silvia Sapag<\/strong>&nbsp;y&nbsp;<strong>Nora del Valle Gim\u00e9nez&nbsp;<\/strong>de Uni\u00f3n por la Patria; y<strong>&nbsp;Juan Carlos Romero<\/strong>&nbsp;(Cambio Federal).<\/p>\n\n\n\n<p>Entre las patag\u00f3nicas, Crexell y Silva coinciden en&nbsp;<strong>ampliar el n\u00famero de jueces a 9<\/strong>, pero Sapag va un poco m\u00e1s all\u00e1 y sugiere ampliar el n\u00famero a 15. En el caso de Romero sugiere llevarlo a siete miembros, mientras que Vigo propone mantener en 5, pero que est\u00e9n representados por miembros de las provincias. Este proyecto es similar al de Del Valle Gim\u00e9nez.<\/p>\n\n\n\n<figure class=\"wp-block-gallery has-nested-images columns-default is-cropped wp-block-gallery-1 is-layout-flex wp-block-gallery-is-layout-flex\">\n<figure class=\"wp-block-image size-large\"><img loading=\"lazy\" decoding=\"async\" width=\"908\" height=\"541\" data-id=\"2318\" src=\"https:\/\/pasahoy.com.ar\/ph\/wp-content\/uploads\/2025\/05\/1000376738.png\" alt=\"\" class=\"wp-image-2318\" srcset=\"https:\/\/pasahoy.com.ar\/ph\/wp-content\/uploads\/2025\/05\/1000376738.png 908w, https:\/\/pasahoy.com.ar\/ph\/wp-content\/uploads\/2025\/05\/1000376738-300x179.png 300w, https:\/\/pasahoy.com.ar\/ph\/wp-content\/uploads\/2025\/05\/1000376738-768x458.png 768w\" sizes=\"auto, (max-width: 908px) 100vw, 908px\" \/><\/figure>\n<\/figure>\n","protected":false},"excerpt":{"rendered":"<p>La cita ser\u00e1 en un plenario entre las comisiones de Asuntos constitucionales y de Justicia y Asuntos Penales. Las iniciativas son todas de la oposici\u00f3n, aunque el Gobierno est\u00e1 a favor de ampliar el M\u00e1ximo Tribunal. Con las fallidas designaciones de\u00a0Ariel Lijo y Manuel Garc\u00eda-Mansilla\u00a0en la Corte Suprema de Justicia, el M\u00e1ximo Tribunal funciona en [&hellip;]<\/p>\n","protected":false},"author":3,"featured_media":2318,"comment_status":"open","ping_status":"open","sticky":false,"template":"","format":"standard","meta":{"_jetpack_memberships_contains_paid_content":false,"footnotes":""},"categories":[2],"tags":[],"class_list":["post-2317","post","type-post","status-publish","format-standard","has-post-thumbnail","hentry","category-nacional"],"jetpack_featured_media_url":"https:\/\/pasahoy.com.ar\/ph\/wp-content\/uploads\/2025\/05\/1000376738.png","jetpack_sharing_enabled":true,"_links":{"self":[{"href":"https:\/\/pasahoy.com.ar\/ph\/wp-json\/wp\/v2\/posts\/2317","targetHints":{"allow":["GET"]}}],"collection":[{"href":"https:\/\/pasahoy.com.ar\/ph\/wp-json\/wp\/v2\/posts"}],"about":[{"href":"https:\/\/pasahoy.com.ar\/ph\/wp-json\/wp\/v2\/types\/post"}],"author":[{"embeddable":true,"href":"https:\/\/pasahoy.com.ar\/ph\/wp-json\/wp\/v2\/users\/3"}],"replies":[{"embeddable":true,"href":"https:\/\/pasahoy.com.ar\/ph\/wp-json\/wp\/v2\/comments?post=2317"}],"version-history":[{"count":1,"href":"https:\/\/pasahoy.com.ar\/ph\/wp-json\/wp\/v2\/posts\/2317\/revisions"}],"predecessor-version":[{"id":2319,"href":"https:\/\/pasahoy.com.ar\/ph\/wp-json\/wp\/v2\/posts\/2317\/revisions\/2319"}],"wp:featuredmedia":[{"embeddable":true,"href":"https:\/\/pasahoy.com.ar\/ph\/wp-json\/wp\/v2\/media\/2318"}],"wp:attachment":[{"href":"https:\/\/pasahoy.com.ar\/ph\/wp-json\/wp\/v2\/media?parent=2317"}],"wp:term":[{"taxonomy":"category","embeddable":true,"href":"https:\/\/pasahoy.com.ar\/ph\/wp-json\/wp\/v2\/categories?post=2317"},{"taxonomy":"post_tag","embeddable":true,"href":"https:\/\/pasahoy.com.ar\/ph\/wp-json\/wp\/v2\/tags?post=2317"}],"curies":[{"name":"wp","href":"https:\/\/api.w.org\/{rel}","templated":true}]}}