{"id":2314,"date":"2025-05-28T18:51:17","date_gmt":"2025-05-28T18:51:17","guid":{"rendered":"https:\/\/pasahoy.com.ar\/ph\/?p=2314"},"modified":"2025-05-28T18:51:29","modified_gmt":"2025-05-28T18:51:29","slug":"el-jefe-de-arca-cruzo-a-kicillof-por-no-adherir-al-plan-para-el-uso-de-los-dolares-del-colchon","status":"publish","type":"post","link":"https:\/\/pasahoy.com.ar\/ph\/el-jefe-de-arca-cruzo-a-kicillof-por-no-adherir-al-plan-para-el-uso-de-los-dolares-del-colchon\/","title":{"rendered":"El jefe de ARCA cruz\u00f3 a Kicillof por no adherir al plan para el uso de los d\u00f3lares del colch\u00f3n"},"content":{"rendered":"\n<p>El jefe de ARCA,\u00a0<a href=\"https:\/\/tn.com.ar\/economia\/2025\/05\/28\/el-jefe-de-arca-cruzo-a-kicillof-por-no-adherir-al-plan-para-el-uso-de-los-dolares-del-colchon\/\"><strong>Juan Pazo<\/strong><\/a><strong>,<\/strong>\u00a0cruz\u00f3 al gobierno bonaerense por no adherir al plan para el uso de los\u00a0<strong>d\u00f3lares \u201cdel colch\u00f3n\u201d.<\/strong>\u00a0El funcionario acus\u00f3 al kirchnerismo de haber generado un \u201cexceso de regulaciones\u201d. Desde\u00a0<a href=\"https:\/\/tn.com.ar\/economia\/2025\/05\/26\/arba-critico-el-plan-de-nacion-para-usar-los-dolares-del-colchon-y-dijo-que-seguiran-con-los-controles\/\"><strong>ARBA<\/strong><\/a>\u00a0hab\u00edan cuestionado al programa de Naci\u00f3n y advertido que mantendr\u00edan los controles.<\/p>\n\n\n\n<p>Como se anticip\u00f3\u00a0<strong>,\u00a0<\/strong><a href=\"https:\/\/tn.com.ar\/economia\/2025\/05\/28\/arca-les-exige-a-las-provincias-no-sumar-controles-fiscales-y-tensa-el-vinculo-con-un-grupo-de-gobernadores\/\">Naci\u00f3n les exigi\u00f3 a los gobernadores<\/a>\u00a0que participaron de la reuni\u00f3n para pedirles que adhieran al plan (en la que no estuvo Kicillof)\u00a0<strong>no sumar nuevas regulaciones<\/strong>\u00a0que solapen a aquellas que liber\u00f3 ARCA.<\/p>\n\n\n\n<p>Pazo aclar\u00f3 que \u201cpor los tributos nacionales, ARCA no va a perseguir a nadie que adhiere al nuevo r\u00e9gimen\u201d, y critic\u00f3 al gobierno bonaerense: \u201cNo me llama la atenci\u00f3n esta<strong>&nbsp;concepci\u00f3n sovi\u00e9tica<\/strong>&nbsp;de&nbsp;<a href=\"https:\/\/tn.com.ar\/politica\/2025\/05\/27\/en-medio-de-una-reunion-del-pj-por-las-elecciones-kicillof-convoco-a-un-acto-de-su-agrupacion\/\"><strong>Axel Kicillof<\/strong><\/a>&nbsp;y su equipo\u00bb.<\/p>\n\n\n\n<p>El titular de la Agencia de Recaudaci\u00f3n y Control Aduanero plante\u00f3: \u201cNo me genera nada nuevo, ellos fueron nos llevaron a este r\u00e9gimen de&nbsp;<strong>exceso de informaci\u00f3n,&nbsp;<\/strong>regulaci\u00f3n y sobredimensionamiento del Estado. En la ex AFIP nombraron seis mil personas y lo \u00fanico que lograron fue que suba la informalidad, que baje la formalidad y que tengamos diez bases monetarias&nbsp;<strong>fuera del colch\u00f3n\u00bb.<\/strong><\/p>\n\n\n\n<figure class=\"wp-block-gallery has-nested-images columns-default is-cropped wp-block-gallery-1 is-layout-flex wp-block-gallery-is-layout-flex\">\n<figure class=\"wp-block-image size-large\"><img loading=\"lazy\" decoding=\"async\" width=\"1024\" height=\"786\" data-id=\"2315\" src=\"https:\/\/pasahoy.com.ar\/ph\/wp-content\/uploads\/2025\/05\/1000376737-1024x786.png\" alt=\"\" class=\"wp-image-2315\" srcset=\"https:\/\/pasahoy.com.ar\/ph\/wp-content\/uploads\/2025\/05\/1000376737-1024x786.png 1024w, https:\/\/pasahoy.com.ar\/ph\/wp-content\/uploads\/2025\/05\/1000376737-300x230.png 300w, https:\/\/pasahoy.com.ar\/ph\/wp-content\/uploads\/2025\/05\/1000376737-768x589.png 768w, https:\/\/pasahoy.com.ar\/ph\/wp-content\/uploads\/2025\/05\/1000376737.png 1058w\" sizes=\"auto, (max-width: 1024px) 100vw, 1024px\" \/><\/figure>\n<\/figure>\n","protected":false},"excerpt":{"rendered":"<p>El jefe de ARCA,\u00a0Juan Pazo,\u00a0cruz\u00f3 al gobierno bonaerense por no adherir al plan para el uso de los\u00a0d\u00f3lares \u201cdel colch\u00f3n\u201d.\u00a0El funcionario acus\u00f3 al kirchnerismo de haber generado un \u201cexceso de regulaciones\u201d. Desde\u00a0ARBA\u00a0hab\u00edan cuestionado al programa de Naci\u00f3n y advertido que mantendr\u00edan los controles. Como se anticip\u00f3\u00a0,\u00a0Naci\u00f3n les exigi\u00f3 a los gobernadores\u00a0que participaron de la reuni\u00f3n [&hellip;]<\/p>\n","protected":false},"author":3,"featured_media":2315,"comment_status":"open","ping_status":"open","sticky":false,"template":"","format":"standard","meta":{"_jetpack_memberships_contains_paid_content":false,"footnotes":""},"categories":[2],"tags":[],"class_list":["post-2314","post","type-post","status-publish","format-standard","has-post-thumbnail","hentry","category-nacional"],"jetpack_featured_media_url":"https:\/\/pasahoy.com.ar\/ph\/wp-content\/uploads\/2025\/05\/1000376737.png","jetpack_sharing_enabled":true,"_links":{"self":[{"href":"https:\/\/pasahoy.com.ar\/ph\/wp-json\/wp\/v2\/posts\/2314","targetHints":{"allow":["GET"]}}],"collection":[{"href":"https:\/\/pasahoy.com.ar\/ph\/wp-json\/wp\/v2\/posts"}],"about":[{"href":"https:\/\/pasahoy.com.ar\/ph\/wp-json\/wp\/v2\/types\/post"}],"author":[{"embeddable":true,"href":"https:\/\/pasahoy.com.ar\/ph\/wp-json\/wp\/v2\/users\/3"}],"replies":[{"embeddable":true,"href":"https:\/\/pasahoy.com.ar\/ph\/wp-json\/wp\/v2\/comments?post=2314"}],"version-history":[{"count":1,"href":"https:\/\/pasahoy.com.ar\/ph\/wp-json\/wp\/v2\/posts\/2314\/revisions"}],"predecessor-version":[{"id":2316,"href":"https:\/\/pasahoy.com.ar\/ph\/wp-json\/wp\/v2\/posts\/2314\/revisions\/2316"}],"wp:featuredmedia":[{"embeddable":true,"href":"https:\/\/pasahoy.com.ar\/ph\/wp-json\/wp\/v2\/media\/2315"}],"wp:attachment":[{"href":"https:\/\/pasahoy.com.ar\/ph\/wp-json\/wp\/v2\/media?parent=2314"}],"wp:term":[{"taxonomy":"category","embeddable":true,"href":"https:\/\/pasahoy.com.ar\/ph\/wp-json\/wp\/v2\/categories?post=2314"},{"taxonomy":"post_tag","embeddable":true,"href":"https:\/\/pasahoy.com.ar\/ph\/wp-json\/wp\/v2\/tags?post=2314"}],"curies":[{"name":"wp","href":"https:\/\/api.w.org\/{rel}","templated":true}]}}