{"id":2311,"date":"2025-05-28T18:48:31","date_gmt":"2025-05-28T18:48:31","guid":{"rendered":"https:\/\/pasahoy.com.ar\/ph\/?p=2311"},"modified":"2025-05-28T18:48:46","modified_gmt":"2025-05-28T18:48:46","slug":"el-gobierno-le-contesto-a-la-asociacion-argentina-de-actores-tras-el-apoyo-a-darin-no-entienden-como-funciona-la-libertad-de-expresion","status":"publish","type":"post","link":"https:\/\/pasahoy.com.ar\/ph\/el-gobierno-le-contesto-a-la-asociacion-argentina-de-actores-tras-el-apoyo-a-darin-no-entienden-como-funciona-la-libertad-de-expresion\/","title":{"rendered":"El Gobierno le contest\u00f3 a la Asociaci\u00f3n Argentina de Actores tras el apoyo a Dar\u00edn: \u00abNo entienden c\u00f3mo funciona la libertad de expresi\u00f3n\u00bb"},"content":{"rendered":"\n<p>El Gobierno le contest\u00f3 a la Asociaci\u00f3n Argentina de Actores tras el apoyo a&nbsp;<strong>Ricardo Dar\u00edn:<\/strong>&nbsp;\u00abTodos son&nbsp;<strong>libres de opinar<\/strong>&nbsp;lo que quieran\u00bb. Desde Casa Rosada acusaron a la entidad de<strong>&nbsp;\u00abno entender<\/strong>&nbsp;c\u00f3mo funciona la libertad de expresi\u00f3n\u00bb. Fue despu\u00e9s de los cuestionamientos del Ejecutivo al artista por sus cr\u00edticas al precio de las empanadas.<\/p>\n\n\n\n<p>El subsecretario de Prensa,<strong>\u00a0Javier Lanari,\u00a0<\/strong>mencion\u00f3 al comunicado de Actores y public\u00f3, en su cuenta de\u00a0<em>X:<\/em>\u00a0\u00abNo entienden c\u00f3mo funciona la libertad de expresi\u00f3n. Todos son libres de opinar lo que quieran. Dar\u00edn opin\u00f3 libremente. (Luis) Caputo respondi\u00f3 libremente. Pretenden que el Presidente y sus ministros sean<strong>\u00a0momias encorsetadas&#8230;\u00bb.<\/strong> <\/p>\n\n\n\n<p>Actores se solidariz\u00f3 con Dar\u00edn tras las cr\u00edticas que el artista recibi\u00f3 del Gobierno luego de referirse a la dificultad que ten\u00edan muchos argentinos para ahorrar debido a c\u00f3mo hab\u00eda encarecido la comida. El artista dijo que \u00abuna docena de empanadas vale<strong>&nbsp;$48.000&#8243;,<\/strong>&nbsp;en la mesa de Mirtha Legrand para ejemplificar el aumento de los precios. El ministro de Econom\u00eda los cuestion\u00f3 al plantear que sus dichos le generaron \u00abverg\u00fcencita ajena\u00bb.<\/p>\n\n\n\n<p>La entidad se solidariz\u00f3 con el actor: \u00abEn lo que se ha transformado en una costumbre, en un modo de gobernar, la falta de respeto, la<strong>&nbsp;agresi\u00f3n expl\u00edcita,<\/strong>&nbsp;burda y socarrona, una vez m\u00e1s se ensa\u00f1a con un miembro de nuestra comunidad, por el s\u00f3lo hecho de<strong>&nbsp;expresarse libremente\u00bb.<\/strong><\/p>\n\n\n\n<p>La entidad manifest\u00f3 en un comunicado: \u00abLa intenci\u00f3n parece ser<strong>&nbsp;generar miedo,<\/strong>&nbsp;producir autocensura para someternos al silencio. Adem\u00e1s del repudio al&nbsp;<strong>ataque&nbsp;<\/strong>a nuestro compa\u00f1ero Ricardo Dar\u00edn, queremos expresar que no debemos tomar esto como un hecho aislado, producto de la<strong>&nbsp;ira particular<\/strong>&nbsp;de un funcionario\u00bb.<\/p>\n\n\n\n<figure class=\"wp-block-gallery has-nested-images columns-default is-cropped wp-block-gallery-1 is-layout-flex wp-block-gallery-is-layout-flex\">\n<figure class=\"wp-block-image size-large\"><img loading=\"lazy\" decoding=\"async\" width=\"985\" height=\"616\" data-id=\"2312\" src=\"https:\/\/pasahoy.com.ar\/ph\/wp-content\/uploads\/2025\/05\/1000376736.png\" alt=\"\" class=\"wp-image-2312\" srcset=\"https:\/\/pasahoy.com.ar\/ph\/wp-content\/uploads\/2025\/05\/1000376736.png 985w, https:\/\/pasahoy.com.ar\/ph\/wp-content\/uploads\/2025\/05\/1000376736-300x188.png 300w, https:\/\/pasahoy.com.ar\/ph\/wp-content\/uploads\/2025\/05\/1000376736-768x480.png 768w\" sizes=\"auto, (max-width: 985px) 100vw, 985px\" \/><\/figure>\n<\/figure>\n","protected":false},"excerpt":{"rendered":"<p>El Gobierno le contest\u00f3 a la Asociaci\u00f3n Argentina de Actores tras el apoyo a&nbsp;Ricardo Dar\u00edn:&nbsp;\u00abTodos son&nbsp;libres de opinar&nbsp;lo que quieran\u00bb. Desde Casa Rosada acusaron a la entidad de&nbsp;\u00abno entender&nbsp;c\u00f3mo funciona la libertad de expresi\u00f3n\u00bb. Fue despu\u00e9s de los cuestionamientos del Ejecutivo al artista por sus cr\u00edticas al precio de las empanadas. El subsecretario de Prensa,\u00a0Javier [&hellip;]<\/p>\n","protected":false},"author":3,"featured_media":2312,"comment_status":"open","ping_status":"open","sticky":false,"template":"","format":"standard","meta":{"_jetpack_memberships_contains_paid_content":false,"footnotes":""},"categories":[2],"tags":[],"class_list":["post-2311","post","type-post","status-publish","format-standard","has-post-thumbnail","hentry","category-nacional"],"jetpack_featured_media_url":"https:\/\/pasahoy.com.ar\/ph\/wp-content\/uploads\/2025\/05\/1000376736.png","jetpack_sharing_enabled":true,"_links":{"self":[{"href":"https:\/\/pasahoy.com.ar\/ph\/wp-json\/wp\/v2\/posts\/2311","targetHints":{"allow":["GET"]}}],"collection":[{"href":"https:\/\/pasahoy.com.ar\/ph\/wp-json\/wp\/v2\/posts"}],"about":[{"href":"https:\/\/pasahoy.com.ar\/ph\/wp-json\/wp\/v2\/types\/post"}],"author":[{"embeddable":true,"href":"https:\/\/pasahoy.com.ar\/ph\/wp-json\/wp\/v2\/users\/3"}],"replies":[{"embeddable":true,"href":"https:\/\/pasahoy.com.ar\/ph\/wp-json\/wp\/v2\/comments?post=2311"}],"version-history":[{"count":1,"href":"https:\/\/pasahoy.com.ar\/ph\/wp-json\/wp\/v2\/posts\/2311\/revisions"}],"predecessor-version":[{"id":2313,"href":"https:\/\/pasahoy.com.ar\/ph\/wp-json\/wp\/v2\/posts\/2311\/revisions\/2313"}],"wp:featuredmedia":[{"embeddable":true,"href":"https:\/\/pasahoy.com.ar\/ph\/wp-json\/wp\/v2\/media\/2312"}],"wp:attachment":[{"href":"https:\/\/pasahoy.com.ar\/ph\/wp-json\/wp\/v2\/media?parent=2311"}],"wp:term":[{"taxonomy":"category","embeddable":true,"href":"https:\/\/pasahoy.com.ar\/ph\/wp-json\/wp\/v2\/categories?post=2311"},{"taxonomy":"post_tag","embeddable":true,"href":"https:\/\/pasahoy.com.ar\/ph\/wp-json\/wp\/v2\/tags?post=2311"}],"curies":[{"name":"wp","href":"https:\/\/api.w.org\/{rel}","templated":true}]}}