{"id":2308,"date":"2025-05-28T18:45:54","date_gmt":"2025-05-28T18:45:54","guid":{"rendered":"https:\/\/pasahoy.com.ar\/ph\/?p=2308"},"modified":"2025-05-28T18:46:05","modified_gmt":"2025-05-28T18:46:05","slug":"el-papa-pidio-un-alto-el-fuego-en-ucrania-y-gaza-que-se-liberen-a-todos-los-rehenes","status":"publish","type":"post","link":"https:\/\/pasahoy.com.ar\/ph\/el-papa-pidio-un-alto-el-fuego-en-ucrania-y-gaza-que-se-liberen-a-todos-los-rehenes\/","title":{"rendered":"El papa pidi\u00f3 un alto el fuego en Ucrania y Gaza: \u201cQue se liberen a todos los rehenes\u201d"},"content":{"rendered":"\n<p>El jefe de la Iglesia Cat\u00f3lica reclam\u00f3 \u201cel pleno cumplimiento del derecho humanitario\u201d, durante la audiencia general en la Plaza de San Pedro.<\/p>\n\n\n\n<p>El papa\u00a0<a href=\"https:\/\/tn.com.ar\/sociedad\/2025\/05\/08\/cual-es-el-significado-de-leon-xiv-el-nuevo-nombre-del-papa\/\"><strong>Le\u00f3n XIV<\/strong><\/a>\u00a0pidi\u00f3 un<strong>\u00a0alto el fuego<\/strong>\u00a0en Ucrania y Gaza: \u201cQue se\u00a0<strong>liberen\u00a0<\/strong>a todos los rehenes\u201d. El jefe de la Iglesia Cat\u00f3lica reclam\u00f3 \u201cel pleno cumplimiento del<strong>\u00a0derecho humanitario\u201d,<\/strong>\u00a0durante la audiencia general en la Plaza San Pedro.  <\/p>\n\n\n\n<p>El papa conden\u00f3 los bombardeos contra civiles e infraestructuras en Ucrania, por la invasi\u00f3n de Rusia en el pa\u00eds europeo, y pidi\u00f3 apoyar toda iniciativa de di\u00e1logo y de paz.<\/p>\n\n\n\n<p>Le\u00f3n XIV expres\u00f3: \u201cAseguro mi cercan\u00eda y mi oraci\u00f3n por todas las<strong>&nbsp;v\u00edctimas,&nbsp;<\/strong>especialmente por los ni\u00f1os y las familias. Hago un fuerte llamamiento para parar la guerra y para apoyar toda iniciativa de di\u00e1logo y de paz. Pido a todos que se unan en oraci\u00f3n por la paz en Ucrania y en todos los lugares donde la gente&nbsp;<strong>sufre la guerra\u201d.<\/strong><\/p>\n\n\n\n<p>A su vez el secretario de Estado,&nbsp;<strong>Pietro Parolin,<\/strong>&nbsp;dijo sobre el ofrecimiento de El Vaticano como sede para nuevas negociaciones entre Ucrania y Rusia, que \u201cno se trat\u00f3 de una mediaci\u00f3n, porque la mediaci\u00f3n debe ser pedida por las partes\u201d y que solo hubo \u201cuna oferta de disponibilidad para acoger una posible reuni\u00f3n\u201d.<\/p>\n\n\n\n<figure class=\"wp-block-gallery has-nested-images columns-default is-cropped wp-block-gallery-1 is-layout-flex wp-block-gallery-is-layout-flex\">\n<figure class=\"wp-block-image size-large\"><img loading=\"lazy\" decoding=\"async\" width=\"951\" height=\"535\" data-id=\"2309\" src=\"https:\/\/pasahoy.com.ar\/ph\/wp-content\/uploads\/2025\/05\/1000376735.png\" alt=\"\" class=\"wp-image-2309\" srcset=\"https:\/\/pasahoy.com.ar\/ph\/wp-content\/uploads\/2025\/05\/1000376735.png 951w, https:\/\/pasahoy.com.ar\/ph\/wp-content\/uploads\/2025\/05\/1000376735-300x169.png 300w, https:\/\/pasahoy.com.ar\/ph\/wp-content\/uploads\/2025\/05\/1000376735-768x432.png 768w\" sizes=\"auto, (max-width: 951px) 100vw, 951px\" \/><\/figure>\n<\/figure>\n","protected":false},"excerpt":{"rendered":"<p>El jefe de la Iglesia Cat\u00f3lica reclam\u00f3 \u201cel pleno cumplimiento del derecho humanitario\u201d, durante la audiencia general en la Plaza de San Pedro. El papa\u00a0Le\u00f3n XIV\u00a0pidi\u00f3 un\u00a0alto el fuego\u00a0en Ucrania y Gaza: \u201cQue se\u00a0liberen\u00a0a todos los rehenes\u201d. El jefe de la Iglesia Cat\u00f3lica reclam\u00f3 \u201cel pleno cumplimiento del\u00a0derecho humanitario\u201d,\u00a0durante la audiencia general en la Plaza [&hellip;]<\/p>\n","protected":false},"author":3,"featured_media":2309,"comment_status":"open","ping_status":"open","sticky":false,"template":"","format":"standard","meta":{"_jetpack_memberships_contains_paid_content":false,"footnotes":""},"categories":[3],"tags":[],"class_list":["post-2308","post","type-post","status-publish","format-standard","has-post-thumbnail","hentry","category-internacional"],"jetpack_featured_media_url":"https:\/\/pasahoy.com.ar\/ph\/wp-content\/uploads\/2025\/05\/1000376735.png","jetpack_sharing_enabled":true,"_links":{"self":[{"href":"https:\/\/pasahoy.com.ar\/ph\/wp-json\/wp\/v2\/posts\/2308","targetHints":{"allow":["GET"]}}],"collection":[{"href":"https:\/\/pasahoy.com.ar\/ph\/wp-json\/wp\/v2\/posts"}],"about":[{"href":"https:\/\/pasahoy.com.ar\/ph\/wp-json\/wp\/v2\/types\/post"}],"author":[{"embeddable":true,"href":"https:\/\/pasahoy.com.ar\/ph\/wp-json\/wp\/v2\/users\/3"}],"replies":[{"embeddable":true,"href":"https:\/\/pasahoy.com.ar\/ph\/wp-json\/wp\/v2\/comments?post=2308"}],"version-history":[{"count":1,"href":"https:\/\/pasahoy.com.ar\/ph\/wp-json\/wp\/v2\/posts\/2308\/revisions"}],"predecessor-version":[{"id":2310,"href":"https:\/\/pasahoy.com.ar\/ph\/wp-json\/wp\/v2\/posts\/2308\/revisions\/2310"}],"wp:featuredmedia":[{"embeddable":true,"href":"https:\/\/pasahoy.com.ar\/ph\/wp-json\/wp\/v2\/media\/2309"}],"wp:attachment":[{"href":"https:\/\/pasahoy.com.ar\/ph\/wp-json\/wp\/v2\/media?parent=2308"}],"wp:term":[{"taxonomy":"category","embeddable":true,"href":"https:\/\/pasahoy.com.ar\/ph\/wp-json\/wp\/v2\/categories?post=2308"},{"taxonomy":"post_tag","embeddable":true,"href":"https:\/\/pasahoy.com.ar\/ph\/wp-json\/wp\/v2\/tags?post=2308"}],"curies":[{"name":"wp","href":"https:\/\/api.w.org\/{rel}","templated":true}]}}