{"id":2305,"date":"2025-05-28T18:42:20","date_gmt":"2025-05-28T18:42:20","guid":{"rendered":"https:\/\/pasahoy.com.ar\/ph\/?p=2305"},"modified":"2025-05-28T18:42:35","modified_gmt":"2025-05-28T18:42:35","slug":"a-600-dias-del-ataque-de-hamas-familiares-de-rehenes-pidieron-liberar-a-sus-seres-queridos-no-hay-excusas","status":"publish","type":"post","link":"https:\/\/pasahoy.com.ar\/ph\/a-600-dias-del-ataque-de-hamas-familiares-de-rehenes-pidieron-liberar-a-sus-seres-queridos-no-hay-excusas\/","title":{"rendered":"A 600 d\u00edas del ataque de Hamas, familiares de rehenes pidieron liberar a sus seres queridos: \u201cNo hay excusas\u201d"},"content":{"rendered":"\n<p>Miles de personas se manifestaron en Tel Aviv. Tambi\u00e9n hubo una movilizaci\u00f3n por la convivencia pac\u00edfica. <\/p>\n\n\n\n<p>A 600 d\u00edas del brutal ataque de Hamas del 7 de octubre de 2023, las familias de los israel\u00edes secuestrados en Gaza pidieron este mi\u00e9rcoles al primer ministro,\u00a0<strong>Benjam\u00edn Netanyahu<\/strong>, llegar a un acuerdo que libere a sus seres queridos. <\/p>\n\n\n\n<p>Unas 3000 personas se congregaron en la Plaza de los Rehenes de Tel Aviv y la adyacente calle Shaul HaMelech. <\/p>\n\n\n\n<p>El actor&nbsp;<strong>Lior Ashkenazi<\/strong>&nbsp;fue uno de los oradores de la movilizaci\u00f3n. \u201c600 d\u00edas desde el fracaso, y otros 600 d\u00edas de fracaso\u201d, dijo, citado por<em>&nbsp;The Israel Times<\/em>.<\/p>\n\n\n\n<p>Los manifestantes portaban fotos de los cautivos que a\u00fan permanecen en Gaza. \u201c600 d\u00edas de abandono, de encubrir la investigaci\u00f3n del mayor fracaso de nuestra historia\u201d, afirm\u00f3 Ashkenazi. Tambi\u00e9n hablaron sobrevivientes del cautiverio en el enclave palestino.<\/p>\n\n\n\n<figure class=\"wp-block-gallery has-nested-images columns-default is-cropped wp-block-gallery-1 is-layout-flex wp-block-gallery-is-layout-flex\">\n<figure class=\"wp-block-image size-full\"><img loading=\"lazy\" decoding=\"async\" width=\"870\" height=\"534\" data-id=\"2306\" src=\"https:\/\/pasahoy.com.ar\/ph\/wp-content\/uploads\/2025\/05\/1000376721.png\" alt=\"\" class=\"wp-image-2306\" srcset=\"https:\/\/pasahoy.com.ar\/ph\/wp-content\/uploads\/2025\/05\/1000376721.png 870w, https:\/\/pasahoy.com.ar\/ph\/wp-content\/uploads\/2025\/05\/1000376721-300x184.png 300w, https:\/\/pasahoy.com.ar\/ph\/wp-content\/uploads\/2025\/05\/1000376721-768x471.png 768w\" sizes=\"auto, (max-width: 870px) 100vw, 870px\" \/><\/figure>\n<\/figure>\n","protected":false},"excerpt":{"rendered":"<p>Miles de personas se manifestaron en Tel Aviv. Tambi\u00e9n hubo una movilizaci\u00f3n por la convivencia pac\u00edfica. A 600 d\u00edas del brutal ataque de Hamas del 7 de octubre de 2023, las familias de los israel\u00edes secuestrados en Gaza pidieron este mi\u00e9rcoles al primer ministro,\u00a0Benjam\u00edn Netanyahu, llegar a un acuerdo que libere a sus seres queridos. [&hellip;]<\/p>\n","protected":false},"author":3,"featured_media":2306,"comment_status":"open","ping_status":"open","sticky":false,"template":"","format":"standard","meta":{"_jetpack_memberships_contains_paid_content":false,"footnotes":""},"categories":[3],"tags":[],"class_list":["post-2305","post","type-post","status-publish","format-standard","has-post-thumbnail","hentry","category-internacional"],"jetpack_featured_media_url":"https:\/\/pasahoy.com.ar\/ph\/wp-content\/uploads\/2025\/05\/1000376721.png","jetpack_sharing_enabled":true,"_links":{"self":[{"href":"https:\/\/pasahoy.com.ar\/ph\/wp-json\/wp\/v2\/posts\/2305","targetHints":{"allow":["GET"]}}],"collection":[{"href":"https:\/\/pasahoy.com.ar\/ph\/wp-json\/wp\/v2\/posts"}],"about":[{"href":"https:\/\/pasahoy.com.ar\/ph\/wp-json\/wp\/v2\/types\/post"}],"author":[{"embeddable":true,"href":"https:\/\/pasahoy.com.ar\/ph\/wp-json\/wp\/v2\/users\/3"}],"replies":[{"embeddable":true,"href":"https:\/\/pasahoy.com.ar\/ph\/wp-json\/wp\/v2\/comments?post=2305"}],"version-history":[{"count":1,"href":"https:\/\/pasahoy.com.ar\/ph\/wp-json\/wp\/v2\/posts\/2305\/revisions"}],"predecessor-version":[{"id":2307,"href":"https:\/\/pasahoy.com.ar\/ph\/wp-json\/wp\/v2\/posts\/2305\/revisions\/2307"}],"wp:featuredmedia":[{"embeddable":true,"href":"https:\/\/pasahoy.com.ar\/ph\/wp-json\/wp\/v2\/media\/2306"}],"wp:attachment":[{"href":"https:\/\/pasahoy.com.ar\/ph\/wp-json\/wp\/v2\/media?parent=2305"}],"wp:term":[{"taxonomy":"category","embeddable":true,"href":"https:\/\/pasahoy.com.ar\/ph\/wp-json\/wp\/v2\/categories?post=2305"},{"taxonomy":"post_tag","embeddable":true,"href":"https:\/\/pasahoy.com.ar\/ph\/wp-json\/wp\/v2\/tags?post=2305"}],"curies":[{"name":"wp","href":"https:\/\/api.w.org\/{rel}","templated":true}]}}