{"id":2297,"date":"2025-05-28T18:33:36","date_gmt":"2025-05-28T18:33:36","guid":{"rendered":"https:\/\/pasahoy.com.ar\/ph\/?p=2297"},"modified":"2025-05-28T18:33:48","modified_gmt":"2025-05-28T18:33:48","slug":"la-liga-riojana-de-futbol-y-gobierno-de-la-rioja-acordaron-apoyo-economico-y-utilizacion-del-estadio-para-el-torneo-de-la-liga","status":"publish","type":"post","link":"https:\/\/pasahoy.com.ar\/ph\/la-liga-riojana-de-futbol-y-gobierno-de-la-rioja-acordaron-apoyo-economico-y-utilizacion-del-estadio-para-el-torneo-de-la-liga\/","title":{"rendered":"La Liga Riojana de F\u00fatbol y Gobierno de La Rioja acordaron apoyo econ\u00f3mico y utilizaci\u00f3n del Estadio para el Torneo de la Liga"},"content":{"rendered":"\n<p>La Liga Riojana de F\u00fatbol y el Gobierno de La Rioja, a trav\u00e9s del Ministerio de Desarrollo Igualdad e Integraci\u00f3n Social, firmaron el convenio por el cual se asignar\u00e1 a la Liga Riojana de F\u00fatbol un aporte econ\u00f3mico mensual para el desarrollo del Torneo de la Liga Unificado en Primera Divisi\u00f3n. En este sentido, entre la Liga y Ministerio, se rubric\u00f3 el acuerdo para que durante todo el campeonato, se disputen partidos del Torneo de la Liga los d\u00edas viernes y domingos en el Estadio Carlos Augusto Mercado Luna.<\/p>\n\n\n\n<figure class=\"wp-block-gallery has-nested-images columns-default is-cropped wp-block-gallery-1 is-layout-flex wp-block-gallery-is-layout-flex\">\n<figure class=\"wp-block-image size-large\"><img loading=\"lazy\" decoding=\"async\" width=\"1024\" height=\"577\" data-id=\"2298\" src=\"https:\/\/pasahoy.com.ar\/ph\/wp-content\/uploads\/2025\/05\/1000376711-1024x577.jpg\" alt=\"\" class=\"wp-image-2298\" srcset=\"https:\/\/pasahoy.com.ar\/ph\/wp-content\/uploads\/2025\/05\/1000376711-1024x577.jpg 1024w, https:\/\/pasahoy.com.ar\/ph\/wp-content\/uploads\/2025\/05\/1000376711-300x169.jpg 300w, https:\/\/pasahoy.com.ar\/ph\/wp-content\/uploads\/2025\/05\/1000376711-768x432.jpg 768w, https:\/\/pasahoy.com.ar\/ph\/wp-content\/uploads\/2025\/05\/1000376711-1536x865.jpg 1536w, https:\/\/pasahoy.com.ar\/ph\/wp-content\/uploads\/2025\/05\/1000376711-2048x1153.jpg 2048w\" sizes=\"auto, (max-width: 1024px) 100vw, 1024px\" \/><\/figure>\n\n\n\n<figure class=\"wp-block-image size-large\"><img loading=\"lazy\" decoding=\"async\" width=\"1024\" height=\"577\" data-id=\"2299\" src=\"https:\/\/pasahoy.com.ar\/ph\/wp-content\/uploads\/2025\/05\/1000376715-1024x577.jpg\" alt=\"\" class=\"wp-image-2299\" srcset=\"https:\/\/pasahoy.com.ar\/ph\/wp-content\/uploads\/2025\/05\/1000376715-1024x577.jpg 1024w, https:\/\/pasahoy.com.ar\/ph\/wp-content\/uploads\/2025\/05\/1000376715-300x169.jpg 300w, https:\/\/pasahoy.com.ar\/ph\/wp-content\/uploads\/2025\/05\/1000376715-768x432.jpg 768w, https:\/\/pasahoy.com.ar\/ph\/wp-content\/uploads\/2025\/05\/1000376715-1536x865.jpg 1536w, https:\/\/pasahoy.com.ar\/ph\/wp-content\/uploads\/2025\/05\/1000376715-2048x1153.jpg 2048w\" sizes=\"auto, (max-width: 1024px) 100vw, 1024px\" \/><\/figure>\n<\/figure>\n\n\n\n<p>El acuerdo qued\u00f3 sellado en el Estadio Mercado Luna entre el Ministro de Desarrollo, Igualdad e Integraci\u00f3n Social Alfredo Menem, el Presidente de la Liga Riojana de F\u00fatbol y Secretario Ejecutivo el Consejo Federal del F\u00fatbol Argentino Gabriel Godoy, y el Secretario de Deportes de La Rioja Jorge C\u00f3rdoba.<\/p>\n\n\n\n<p>\u00abEs positivo poder trabajar conjuntamente para desarrollar el torneo de la Liga Riojana de F\u00fatbol\u00bb, expres\u00f3 Alfredo Menem y confirm\u00f3 que \u00abel Gobierno de La Rioja invertir\u00e1 en la Liga Riojana y todas las Ligas de la Federaci\u00f3n Riojana de F\u00fatbol un aporte econ\u00f3mico para la realizaci\u00f3n y desarrollo del Torneo de la Liga 2025\u00bb.<\/p>\n\n\n\n<p>\u00abEl Estadio se utilizar\u00e1 los d\u00edas viernes y domingo para los partidos de todo el Torneo de la Liga Riojana de F\u00fatbol\u00bb, asegur\u00f3 Menem, y puntualiz\u00f3 que \u00abes necesario que haya un compromiso y responsabilidad de todos los clubes para cuidar y mantener las instalaciones del Estadio Mercado Luna\u00bb, dijo el Ministro de Desarrollo, Igualdad e Integraci\u00f3n Social.<\/p>\n\n\n\n<p>\u00abEstamos agradecidos al Gobierno Provincial, porque es muy importante tener el apoyo econ\u00f3mico y el aporte de seguridad para jugar el Torneo de la Liga en el Estadio Mercado Luna\u00bb, expres\u00f3 Gabriel Godoy, quien agreg\u00f3 que \u00abjugar en el Estadio nos da la posibilidad de programar los cl\u00e1sicos en este predio, porque jerarquiza el Torneo de la Liga\u00bb, concluy\u00f3 el Presidente de la Liga Riojana de F\u00fatbol y Secretario Ejecutivo del Consejo Federal del F\u00fatbol Argentino.<\/p>\n\n\n\n<p>Jorge C\u00f3rdoba, Secretario de Deportes de La Rioja, destac\u00f3 que \u00abes importante que los partidos de la Liga Riojana de F\u00fatbol se desarrollen en el Estadio Carlos Mercado Luna\u00bb, por lo que indic\u00f3 que \u00abponemos \u00e9nfasis en tener infraestructura deportiva de calidad para que la Liga y todas las instituciones sociales y deportivas, puedan hacer uso del Estadio\u00bb, concluy\u00f3.<\/p>\n","protected":false},"excerpt":{"rendered":"<p>La Liga Riojana de F\u00fatbol y el Gobierno de La Rioja, a trav\u00e9s del Ministerio de Desarrollo Igualdad e Integraci\u00f3n Social, firmaron el convenio por el cual se asignar\u00e1 a la Liga Riojana de F\u00fatbol un aporte econ\u00f3mico mensual para el desarrollo del Torneo de la Liga Unificado en Primera Divisi\u00f3n. En este sentido, entre [&hellip;]<\/p>\n","protected":false},"author":3,"featured_media":2298,"comment_status":"open","ping_status":"open","sticky":false,"template":"","format":"standard","meta":{"_jetpack_memberships_contains_paid_content":false,"footnotes":""},"categories":[4],"tags":[],"class_list":["post-2297","post","type-post","status-publish","format-standard","has-post-thumbnail","hentry","category-deporte"],"jetpack_featured_media_url":"https:\/\/pasahoy.com.ar\/ph\/wp-content\/uploads\/2025\/05\/1000376711-scaled.jpg","jetpack_sharing_enabled":true,"_links":{"self":[{"href":"https:\/\/pasahoy.com.ar\/ph\/wp-json\/wp\/v2\/posts\/2297","targetHints":{"allow":["GET"]}}],"collection":[{"href":"https:\/\/pasahoy.com.ar\/ph\/wp-json\/wp\/v2\/posts"}],"about":[{"href":"https:\/\/pasahoy.com.ar\/ph\/wp-json\/wp\/v2\/types\/post"}],"author":[{"embeddable":true,"href":"https:\/\/pasahoy.com.ar\/ph\/wp-json\/wp\/v2\/users\/3"}],"replies":[{"embeddable":true,"href":"https:\/\/pasahoy.com.ar\/ph\/wp-json\/wp\/v2\/comments?post=2297"}],"version-history":[{"count":1,"href":"https:\/\/pasahoy.com.ar\/ph\/wp-json\/wp\/v2\/posts\/2297\/revisions"}],"predecessor-version":[{"id":2300,"href":"https:\/\/pasahoy.com.ar\/ph\/wp-json\/wp\/v2\/posts\/2297\/revisions\/2300"}],"wp:featuredmedia":[{"embeddable":true,"href":"https:\/\/pasahoy.com.ar\/ph\/wp-json\/wp\/v2\/media\/2298"}],"wp:attachment":[{"href":"https:\/\/pasahoy.com.ar\/ph\/wp-json\/wp\/v2\/media?parent=2297"}],"wp:term":[{"taxonomy":"category","embeddable":true,"href":"https:\/\/pasahoy.com.ar\/ph\/wp-json\/wp\/v2\/categories?post=2297"},{"taxonomy":"post_tag","embeddable":true,"href":"https:\/\/pasahoy.com.ar\/ph\/wp-json\/wp\/v2\/tags?post=2297"}],"curies":[{"name":"wp","href":"https:\/\/api.w.org\/{rel}","templated":true}]}}