{"id":2291,"date":"2025-05-28T18:30:37","date_gmt":"2025-05-28T18:30:37","guid":{"rendered":"https:\/\/pasahoy.com.ar\/ph\/?p=2291"},"modified":"2025-05-28T18:30:54","modified_gmt":"2025-05-28T18:30:54","slug":"la-justicia-tomo-la-declaracion-de-profesionales-de-salud-y-trabajo-social-por-hechos-ocurridos-contra-una-menor","status":"publish","type":"post","link":"https:\/\/pasahoy.com.ar\/ph\/la-justicia-tomo-la-declaracion-de-profesionales-de-salud-y-trabajo-social-por-hechos-ocurridos-contra-una-menor\/","title":{"rendered":"LA JUSTICIA TOM\u00d3 LA DECLARACI\u00d3N DE PROFESIONALES DE SALUD Y TRABAJO SOCIAL POR HECHOS OCURRIDOS CONTRA UNA MENOR"},"content":{"rendered":"\n<p>La C\u00e1mara Tercera en lo Criminal y Correccional, de la Primera Circunscripci\u00f3n Judicial con sede en la Ciudad de La Rioja, en tribunal a cargo del Presidente Dr. Ra\u00fal D\u00edaz y las vocales juezas Dras. Sara L\u00f3pez Douglas y Edith Ag\u00fcero continuaron con las audiencias del juicio contra Rub\u00e9n D. M. acusado del delito de abuso sexual con acceso carnal.<\/p>\n\n\n\n<figure class=\"wp-block-gallery has-nested-images columns-default is-cropped wp-block-gallery-1 is-layout-flex wp-block-gallery-is-layout-flex\">\n<figure class=\"wp-block-image size-large\"><img loading=\"lazy\" decoding=\"async\" width=\"831\" height=\"565\" data-id=\"2292\" src=\"https:\/\/pasahoy.com.ar\/ph\/wp-content\/uploads\/2025\/05\/1000376695.png\" alt=\"\" class=\"wp-image-2292\" srcset=\"https:\/\/pasahoy.com.ar\/ph\/wp-content\/uploads\/2025\/05\/1000376695.png 831w, https:\/\/pasahoy.com.ar\/ph\/wp-content\/uploads\/2025\/05\/1000376695-300x204.png 300w, https:\/\/pasahoy.com.ar\/ph\/wp-content\/uploads\/2025\/05\/1000376695-768x522.png 768w\" sizes=\"auto, (max-width: 831px) 100vw, 831px\" \/><\/figure>\n<\/figure>\n\n\n\n<p>Durante la audiencia m\u00e1s reciente, se recibieron testimonios de profesionales de los \u00e1mbitos de la salud mental y trabajo social, quienes intervinieron en distintas etapas del proceso judicial. Entre ellas, prest\u00f3 declaraci\u00f3n la psic\u00f3loga del Hogar de Ni\u00f1ez y Adolescencia, quien relat\u00f3 que la persona afectada hab\u00eda manifestado los hechos durante una entrevista profesional. Asimismo, participaron trabajadoras sociales de distintas instituciones, quienes brindaron detalles sobre las intervenciones realizadas tanto con la persona afectada como con su entorno familiar.<\/p>\n\n\n\n<p>Tambi\u00e9n se dio lectura, por Secretar\u00eda, a una declaraci\u00f3n incorporada oportunamente al expediente, correspondiente a un testimonio que cobra especial relevancia en la etapa procesal.<\/p>\n\n\n\n<p>El hecho investigado habr\u00eda ocurrido en el a\u00f1o 2005 en una localidad del interior provincial, cuando la persona afectada ten\u00eda 11 a\u00f1os de edad. Seg\u00fan la hip\u00f3tesis fiscal, los hechos sucedieron en el contexto de convivencia en el domicilio de un familiar directo.<\/p>\n\n\n\n<p>El juicio continuar\u00e1 en los pr\u00f3ximos d\u00edas con nuevas audiencias previstas para la incorporaci\u00f3n de pruebas testimoniales.<\/p>\n\n\n\n<p>Contin\u00faa el juicio por abuso sexual en la C\u00e1mara Tercera en lo Criminal y Correccional<\/p>\n","protected":false},"excerpt":{"rendered":"<p>La C\u00e1mara Tercera en lo Criminal y Correccional, de la Primera Circunscripci\u00f3n Judicial con sede en la Ciudad de La Rioja, en tribunal a cargo del Presidente Dr. Ra\u00fal D\u00edaz y las vocales juezas Dras. Sara L\u00f3pez Douglas y Edith Ag\u00fcero continuaron con las audiencias del juicio contra Rub\u00e9n D. M. acusado del delito de [&hellip;]<\/p>\n","protected":false},"author":3,"featured_media":2292,"comment_status":"open","ping_status":"open","sticky":false,"template":"","format":"standard","meta":{"_jetpack_memberships_contains_paid_content":false,"footnotes":""},"categories":[12],"tags":[],"class_list":["post-2291","post","type-post","status-publish","format-standard","has-post-thumbnail","hentry","category-judicial"],"jetpack_featured_media_url":"https:\/\/pasahoy.com.ar\/ph\/wp-content\/uploads\/2025\/05\/1000376695.png","jetpack_sharing_enabled":true,"_links":{"self":[{"href":"https:\/\/pasahoy.com.ar\/ph\/wp-json\/wp\/v2\/posts\/2291","targetHints":{"allow":["GET"]}}],"collection":[{"href":"https:\/\/pasahoy.com.ar\/ph\/wp-json\/wp\/v2\/posts"}],"about":[{"href":"https:\/\/pasahoy.com.ar\/ph\/wp-json\/wp\/v2\/types\/post"}],"author":[{"embeddable":true,"href":"https:\/\/pasahoy.com.ar\/ph\/wp-json\/wp\/v2\/users\/3"}],"replies":[{"embeddable":true,"href":"https:\/\/pasahoy.com.ar\/ph\/wp-json\/wp\/v2\/comments?post=2291"}],"version-history":[{"count":1,"href":"https:\/\/pasahoy.com.ar\/ph\/wp-json\/wp\/v2\/posts\/2291\/revisions"}],"predecessor-version":[{"id":2293,"href":"https:\/\/pasahoy.com.ar\/ph\/wp-json\/wp\/v2\/posts\/2291\/revisions\/2293"}],"wp:featuredmedia":[{"embeddable":true,"href":"https:\/\/pasahoy.com.ar\/ph\/wp-json\/wp\/v2\/media\/2292"}],"wp:attachment":[{"href":"https:\/\/pasahoy.com.ar\/ph\/wp-json\/wp\/v2\/media?parent=2291"}],"wp:term":[{"taxonomy":"category","embeddable":true,"href":"https:\/\/pasahoy.com.ar\/ph\/wp-json\/wp\/v2\/categories?post=2291"},{"taxonomy":"post_tag","embeddable":true,"href":"https:\/\/pasahoy.com.ar\/ph\/wp-json\/wp\/v2\/tags?post=2291"}],"curies":[{"name":"wp","href":"https:\/\/api.w.org\/{rel}","templated":true}]}}