{"id":2285,"date":"2025-05-28T18:29:50","date_gmt":"2025-05-28T18:29:50","guid":{"rendered":"https:\/\/pasahoy.com.ar\/ph\/?p=2285"},"modified":"2025-05-28T18:29:50","modified_gmt":"2025-05-28T18:29:50","slug":"el-gobernador-quintela-agasajo-en-chepes-a-las-maestras-y-maestros-del-nivel-inicial-en-su-dia","status":"publish","type":"post","link":"https:\/\/pasahoy.com.ar\/ph\/el-gobernador-quintela-agasajo-en-chepes-a-las-maestras-y-maestros-del-nivel-inicial-en-su-dia\/","title":{"rendered":"El gobernador Quintela agasaj\u00f3 en Chepes a las maestras y maestros del Nivel Inicial en su D\u00eda"},"content":{"rendered":"\n<p><em>Durante su visita al Departamento Rosario Vera Pe\u00f1aloza, el mandatario provincial encabez\u00f3 un emotivo homenaje que incluy\u00f3 recuerdos sobre la figura de Rosarito Vera y valoraciones al rol docente en la primera infancia. Autoridades destacaron el compromiso, la vocaci\u00f3n y la contenci\u00f3n que ofrecen las y los docentes del interior.<\/em><\/p>\n\n\n\n<figure class=\"wp-block-gallery has-nested-images columns-default is-cropped wp-block-gallery-1 is-layout-flex wp-block-gallery-is-layout-flex\">\n<figure class=\"wp-block-image size-large\"><img loading=\"lazy\" decoding=\"async\" width=\"1024\" height=\"682\" data-id=\"2286\" src=\"https:\/\/pasahoy.com.ar\/ph\/wp-content\/uploads\/2025\/05\/1000376698-1024x682.jpg\" alt=\"\" class=\"wp-image-2286\" srcset=\"https:\/\/pasahoy.com.ar\/ph\/wp-content\/uploads\/2025\/05\/1000376698-1024x682.jpg 1024w, https:\/\/pasahoy.com.ar\/ph\/wp-content\/uploads\/2025\/05\/1000376698-300x200.jpg 300w, https:\/\/pasahoy.com.ar\/ph\/wp-content\/uploads\/2025\/05\/1000376698-768x512.jpg 768w, https:\/\/pasahoy.com.ar\/ph\/wp-content\/uploads\/2025\/05\/1000376698.jpg 1280w\" sizes=\"auto, (max-width: 1024px) 100vw, 1024px\" \/><\/figure>\n\n\n\n<figure class=\"wp-block-image size-large\"><img loading=\"lazy\" decoding=\"async\" width=\"1024\" height=\"682\" data-id=\"2287\" src=\"https:\/\/pasahoy.com.ar\/ph\/wp-content\/uploads\/2025\/05\/1000376697-1024x682.jpg\" alt=\"\" class=\"wp-image-2287\" srcset=\"https:\/\/pasahoy.com.ar\/ph\/wp-content\/uploads\/2025\/05\/1000376697-1024x682.jpg 1024w, https:\/\/pasahoy.com.ar\/ph\/wp-content\/uploads\/2025\/05\/1000376697-300x200.jpg 300w, https:\/\/pasahoy.com.ar\/ph\/wp-content\/uploads\/2025\/05\/1000376697-768x512.jpg 768w, https:\/\/pasahoy.com.ar\/ph\/wp-content\/uploads\/2025\/05\/1000376697.jpg 1280w\" sizes=\"auto, (max-width: 1024px) 100vw, 1024px\" \/><\/figure>\n\n\n\n<figure class=\"wp-block-image size-large\"><img loading=\"lazy\" decoding=\"async\" width=\"1024\" height=\"682\" data-id=\"2288\" src=\"https:\/\/pasahoy.com.ar\/ph\/wp-content\/uploads\/2025\/05\/1000376699-1024x682.jpg\" alt=\"\" class=\"wp-image-2288\" srcset=\"https:\/\/pasahoy.com.ar\/ph\/wp-content\/uploads\/2025\/05\/1000376699-1024x682.jpg 1024w, https:\/\/pasahoy.com.ar\/ph\/wp-content\/uploads\/2025\/05\/1000376699-300x200.jpg 300w, https:\/\/pasahoy.com.ar\/ph\/wp-content\/uploads\/2025\/05\/1000376699-768x512.jpg 768w, https:\/\/pasahoy.com.ar\/ph\/wp-content\/uploads\/2025\/05\/1000376699.jpg 1280w\" sizes=\"auto, (max-width: 1024px) 100vw, 1024px\" \/><\/figure>\n\n\n\n<figure class=\"wp-block-image size-large\"><img loading=\"lazy\" decoding=\"async\" width=\"1024\" height=\"924\" data-id=\"2289\" src=\"https:\/\/pasahoy.com.ar\/ph\/wp-content\/uploads\/2025\/05\/1000376696-1024x924.jpg\" alt=\"\" class=\"wp-image-2289\" srcset=\"https:\/\/pasahoy.com.ar\/ph\/wp-content\/uploads\/2025\/05\/1000376696-1024x924.jpg 1024w, https:\/\/pasahoy.com.ar\/ph\/wp-content\/uploads\/2025\/05\/1000376696-300x271.jpg 300w, https:\/\/pasahoy.com.ar\/ph\/wp-content\/uploads\/2025\/05\/1000376696-768x693.jpg 768w, https:\/\/pasahoy.com.ar\/ph\/wp-content\/uploads\/2025\/05\/1000376696.jpg 1197w\" sizes=\"auto, (max-width: 1024px) 100vw, 1024px\" \/><\/figure>\n<\/figure>\n\n\n\n<p>En la ma\u00f1ana de este mi\u00e9rcoles, el gobernador Ricardo Quintela particip\u00f3 en Chepes de un acto de agasajo a las maestras y maestros del Nivel Inicial, en el marco del D\u00eda que conmemora su labor y recuerda el legado de Rosarito Vera Pe\u00f1aloza, pionera de la educaci\u00f3n inicial en Argentina.<br>Durante la actividad, el Gobernador expres\u00f3 su gratitud a quienes \u201cacompa\u00f1an los primeros pasos de las infancias con amor y ternura\u201d, y remarc\u00f3 que las maestras jardineras \u201cson quienes permiten que los ni\u00f1os y ni\u00f1as comiencen a vincularse con otros desde el afecto y la contenci\u00f3n\u201d.<br>\u201cQuiero agradecer profundamente a todas las docentes del Nivel Inicial que trabajan para que esos primeros pasos est\u00e9n marcados por el cari\u00f1o\u201d, subray\u00f3. Al mismo tiempo, Quintela llam\u00f3 a reflexionar sobre el dif\u00edcil contexto que atraviesa el pa\u00eds: \u201cEstamos en momentos en que no se valora el trabajo ni el rol de las provincias. Este es un d\u00eda de celebraci\u00f3n, pero tambi\u00e9n de an\u00e1lisis sobre el pa\u00eds que queremos construir\u201d.<\/p>\n\n\n\n<p><em>Compromiso y vocaci\u00f3n<\/em><br>La vicegobernadora Teresita Madera tambi\u00e9n acompa\u00f1\u00f3 la jornada y particip\u00f3 del evento realizado en el Circo Rosarito. \u201cPudimos ver c\u00f3mo las maestras transmiten valores a trav\u00e9s del cuerpo, la palabra y los gestos cargados de afecto\u201d, expres\u00f3. Adem\u00e1s, destac\u00f3 el rol multifac\u00e9tico de las docentes del interior: \u201cNo solo transmiten conocimientos, tambi\u00e9n ofician de psic\u00f3logas, de madres, y brindan contenci\u00f3n emocional\u201d.<br>Madera valor\u00f3 el compromiso del Instituto de Formaci\u00f3n Docente local, que forma educadores con fuerte vocaci\u00f3n, y alent\u00f3 a seguir construyendo una Rioja de oportunidades: \u201cEn estos tiempos dif\u00edciles, sepan que hay un gobernador que valora su tarea y que las necesita para transformar la provincia desde las aulas\u201d.<br>Finalmente, convoc\u00f3 a las y los docentes a seguir siendo \u201ctransmisores de experiencias positivas para la infancia, dejando una huella de cari\u00f1o y compromiso en cada ni\u00f1o y ni\u00f1a que los recuerde como quienes los cuidaron y quisieron\u201d.<\/p>\n","protected":false},"excerpt":{"rendered":"<p>Durante su visita al Departamento Rosario Vera Pe\u00f1aloza, el mandatario provincial encabez\u00f3 un emotivo homenaje que incluy\u00f3 recuerdos sobre la figura de Rosarito Vera y valoraciones al rol docente en la primera infancia. Autoridades destacaron el compromiso, la vocaci\u00f3n y la contenci\u00f3n que ofrecen las y los docentes del interior. En la ma\u00f1ana de este [&hellip;]<\/p>\n","protected":false},"author":3,"featured_media":2286,"comment_status":"open","ping_status":"open","sticky":false,"template":"","format":"standard","meta":{"_jetpack_memberships_contains_paid_content":false,"footnotes":""},"categories":[1],"tags":[],"class_list":["post-2285","post","type-post","status-publish","format-standard","has-post-thumbnail","hentry","category-local"],"jetpack_featured_media_url":"https:\/\/pasahoy.com.ar\/ph\/wp-content\/uploads\/2025\/05\/1000376698.jpg","jetpack_sharing_enabled":true,"_links":{"self":[{"href":"https:\/\/pasahoy.com.ar\/ph\/wp-json\/wp\/v2\/posts\/2285","targetHints":{"allow":["GET"]}}],"collection":[{"href":"https:\/\/pasahoy.com.ar\/ph\/wp-json\/wp\/v2\/posts"}],"about":[{"href":"https:\/\/pasahoy.com.ar\/ph\/wp-json\/wp\/v2\/types\/post"}],"author":[{"embeddable":true,"href":"https:\/\/pasahoy.com.ar\/ph\/wp-json\/wp\/v2\/users\/3"}],"replies":[{"embeddable":true,"href":"https:\/\/pasahoy.com.ar\/ph\/wp-json\/wp\/v2\/comments?post=2285"}],"version-history":[{"count":1,"href":"https:\/\/pasahoy.com.ar\/ph\/wp-json\/wp\/v2\/posts\/2285\/revisions"}],"predecessor-version":[{"id":2290,"href":"https:\/\/pasahoy.com.ar\/ph\/wp-json\/wp\/v2\/posts\/2285\/revisions\/2290"}],"wp:featuredmedia":[{"embeddable":true,"href":"https:\/\/pasahoy.com.ar\/ph\/wp-json\/wp\/v2\/media\/2286"}],"wp:attachment":[{"href":"https:\/\/pasahoy.com.ar\/ph\/wp-json\/wp\/v2\/media?parent=2285"}],"wp:term":[{"taxonomy":"category","embeddable":true,"href":"https:\/\/pasahoy.com.ar\/ph\/wp-json\/wp\/v2\/categories?post=2285"},{"taxonomy":"post_tag","embeddable":true,"href":"https:\/\/pasahoy.com.ar\/ph\/wp-json\/wp\/v2\/tags?post=2285"}],"curies":[{"name":"wp","href":"https:\/\/api.w.org\/{rel}","templated":true}]}}